{"id":346542,"date":"2025-02-05T11:15:47","date_gmt":"2025-02-05T08:15:47","guid":{"rendered":"https:\/\/sana.sy\/es\/?p=346542"},"modified":"2025-02-05T12:37:13","modified_gmt":"2025-02-05T09:37:13","slug":"%f0%9f%93%b9-imagenes-de-la-cumbre-sirio-turca-en-ankara","status":"publish","type":"post","link":"https:\/\/archive.sana.sy\/es\/?p=346542","title":{"rendered":"&#x1f4f9; Im\u00e1genes de la Cumbre Sirio-turca en Ankara."},"content":{"rendered":"<p><strong><span style=\"color: #800000;\">Ankara, 5 feb (SANA)\u00a0<\/span> \u00a0<\/strong>El presidente turco Recep Tayyib Erdog\u00e1n recibi\u00f3 a su hom\u00f3logo sirio Ahmed Al-Sharaa.<\/p>\n<p>Los dos mandatarios sostuvieron conversaciones que calificaron de positivas y constructivas.<\/p>\n<p>https:\/\/t.me\/AgenciasiriaSANA\/58963<\/p>\n","protected":false},"excerpt":{"rendered":"<p>Ankara, 5 feb (SANA)\u00a0 \u00a0El presidente turco Recep Tayyib Erdog\u00e1n recibi\u00f3 a su hom\u00f3logo sirio Ahmed Al-Sharaa. Los dos mandatarios sostuvieron conversaciones que calificaron de positivas y constructivas. https:\/\/t.me\/AgenciasiriaSANA\/58963<\/p>\n","protected":false},"author":35,"featured_media":346543,"comment_status":"closed","ping_status":"closed","sticky":false,"template":"","format":"standard","meta":{"footnotes":""},"categories":[1],"tags":[],"class_list":["post-346542","post","type-post","status-publish","format-standard","has-post-thumbnail","","category-news-not-sorted"],"_links":{"self":[{"href":"https:\/\/archive.sana.sy\/es\/index.php?rest_route=\/wp\/v2\/posts\/346542"}],"collection":[{"href":"https:\/\/archive.sana.sy\/es\/index.php?rest_route=\/wp\/v2\/posts"}],"about":[{"href":"https:\/\/archive.sana.sy\/es\/index.php?rest_route=\/wp\/v2\/types\/post"}],"author":[{"embeddable":true,"href":"https:\/\/archive.sana.sy\/es\/index.php?rest_route=\/wp\/v2\/users\/35"}],"replies":[{"embeddable":true,"href":"https:\/\/archive.sana.sy\/es\/index.php?rest_route=%2Fwp%2Fv2%2Fcomments&post=346542"}],"version-history":[{"count":3,"href":"https:\/\/archive.sana.sy\/es\/index.php?rest_route=\/wp\/v2\/posts\/346542\/revisions"}],"predecessor-version":[{"id":346546,"href":"https:\/\/archive.sana.sy\/es\/index.php?rest_route=\/wp\/v2\/posts\/346542\/revisions\/346546"}],"wp:featuredmedia":[{"embeddable":true,"href":"https:\/\/archive.sana.sy\/es\/index.php?rest_route=\/wp\/v2\/media\/346543"}],"wp:attachment":[{"href":"https:\/\/archive.sana.sy\/es\/index.php?rest_route=%2Fwp%2Fv2%2Fmedia&parent=346542"}],"wp:term":[{"taxonomy":"category","embeddable":true,"href":"https:\/\/archive.sana.sy\/es\/index.php?rest_route=%2Fwp%2Fv2%2Fcategories&post=346542"},{"taxonomy":"post_tag","embeddable":true,"href":"https:\/\/archive.sana.sy\/es\/index.php?rest_route=%2Fwp%2Fv2%2Ftags&post=346542"}],"curies":[{"name":"wp","href":"https:\/\/api.w.org\/{rel}","templated":true}]}}