{"id":346551,"date":"2025-02-05T13:03:08","date_gmt":"2025-02-05T10:03:08","guid":{"rendered":"https:\/\/sana.sy\/es\/?p=346551"},"modified":"2025-02-05T13:03:20","modified_gmt":"2025-02-05T10:03:20","slug":"turquia-y-egipto-reafirman-apoyo-a-unidad-y-soberania-de-siria","status":"publish","type":"post","link":"https:\/\/archive.sana.sy\/es\/?p=346551","title":{"rendered":"Turqu\u00eda y Egipto reafirman apoyo a unidad y soberan\u00eda de Siria"},"content":{"rendered":"<blockquote>\n<p style=\"text-align: justify;\"><span style=\"color: #800000;\"><strong>El ministro de Asuntos Exteriores turco, Hakan Fidan, y su hom\u00f3logo egipcio, Badr Abdel Aty, reafirmaron el apoyo a la integridad territorial y soberan\u00eda de Siria, y la importancia de combatir el terrorismo y garantizar la continuaci\u00f3n de las relaciones de buena vecindad entre los pa\u00edses de la regi\u00f3n.<\/strong><\/span><\/p>\n<\/blockquote>\n<p style=\"text-align: justify;\"><span style=\"color: #800000;\"><strong>Ankara, 5 feb (SANA)\u00a0<\/strong> <\/span>\u00a0Turqu\u00eda y Egipto reafirmaron su apoyo a la unidad y soberan\u00eda de Siria y la necesidad de lograr estabilidad y seguridad en esta naci\u00f3n levantina.<\/p>\n<p style=\"text-align: justify;\">En una declaraci\u00f3n conjunta tras una reuni\u00f3n en la capital turca, Ankara, el ministro de Asuntos Exteriores turco, Hakan Fidan, y su hom\u00f3logo egipcio, Badr Abdel Aty, reafirmaron el apoyo a la integridad territorial y soberan\u00eda de Siria, y subrayaron la necesidad de garantizar que el territorio sirio no sea utilizado para amenazar a ning\u00fan pa\u00eds.<\/p>\n<p style=\"text-align: justify;\">La declaraci\u00f3n destac\u00f3 la importancia de iniciar un proceso pol\u00edtico integral que logre los intereses del pueblo sirio, al tiempo que destac\u00f3 la necesidad del regreso voluntario y digno de los refugiados sirios a su patria.<\/p>\n<p style=\"text-align: justify;\">Los dos cancilleres subrayaron la importancia de combatir el terrorismo y garantizar la continuaci\u00f3n de las relaciones de buena vecindad entre los pa\u00edses de la regi\u00f3n.<\/p>\n<p style=\"text-align: justify;\"><span style=\"color: #800000;\"><strong>fm\/ws<\/strong><\/span><\/p>\n","protected":false},"excerpt":{"rendered":"<p>El ministro de Asuntos Exteriores turco, Hakan Fidan, y su hom\u00f3logo egipcio, Badr Abdel Aty, reafirmaron el apoyo a la integridad territorial y soberan\u00eda de Siria, y la importancia de combatir el terrorismo y garantizar la continuaci\u00f3n de las relaciones de buena vecindad entre los pa\u00edses de la regi\u00f3n. Ankara, 5 feb (SANA)\u00a0 \u00a0Turqu\u00eda y &hellip;<\/p>\n","protected":false},"author":35,"featured_media":346552,"comment_status":"closed","ping_status":"closed","sticky":false,"template":"","format":"standard","meta":{"footnotes":""},"categories":[597,456,16687,20724,467,7541],"tags":[],"class_list":["post-346551","post","type-post","status-publish","format-standard","has-post-thumbnail","","category-cinta-de-noticias","category-arabe-internacional-politica","category-internacionales","category-minuto-a-minuto","category-siria-y-el-mundo","category-ultimas-noticias"],"_links":{"self":[{"href":"https:\/\/archive.sana.sy\/es\/index.php?rest_route=\/wp\/v2\/posts\/346551"}],"collection":[{"href":"https:\/\/archive.sana.sy\/es\/index.php?rest_route=\/wp\/v2\/posts"}],"about":[{"href":"https:\/\/archive.sana.sy\/es\/index.php?rest_route=\/wp\/v2\/types\/post"}],"author":[{"embeddable":true,"href":"https:\/\/archive.sana.sy\/es\/index.php?rest_route=\/wp\/v2\/users\/35"}],"replies":[{"embeddable":true,"href":"https:\/\/archive.sana.sy\/es\/index.php?rest_route=%2Fwp%2Fv2%2Fcomments&post=346551"}],"version-history":[{"count":2,"href":"https:\/\/archive.sana.sy\/es\/index.php?rest_route=\/wp\/v2\/posts\/346551\/revisions"}],"predecessor-version":[{"id":346554,"href":"https:\/\/archive.sana.sy\/es\/index.php?rest_route=\/wp\/v2\/posts\/346551\/revisions\/346554"}],"wp:featuredmedia":[{"embeddable":true,"href":"https:\/\/archive.sana.sy\/es\/index.php?rest_route=\/wp\/v2\/media\/346552"}],"wp:attachment":[{"href":"https:\/\/archive.sana.sy\/es\/index.php?rest_route=%2Fwp%2Fv2%2Fmedia&parent=346551"}],"wp:term":[{"taxonomy":"category","embeddable":true,"href":"https:\/\/archive.sana.sy\/es\/index.php?rest_route=%2Fwp%2Fv2%2Fcategories&post=346551"},{"taxonomy":"post_tag","embeddable":true,"href":"https:\/\/archive.sana.sy\/es\/index.php?rest_route=%2Fwp%2Fv2%2Ftags&post=346551"}],"curies":[{"name":"wp","href":"https:\/\/api.w.org\/{rel}","templated":true}]}}