{"id":346560,"date":"2025-02-05T14:16:38","date_gmt":"2025-02-05T11:16:38","guid":{"rendered":"https:\/\/sana.sy\/es\/?p=346560"},"modified":"2025-02-05T14:17:18","modified_gmt":"2025-02-05T11:17:18","slug":"presidente-sirio-agradece-a-erdogan-por-su-hospitalidad","status":"publish","type":"post","link":"https:\/\/archive.sana.sy\/es\/?p=346560","title":{"rendered":"Presidente sirio agradece a Erdog\u00e1n por su hospitalidad"},"content":{"rendered":"<p style=\"text-align: justify;\"><strong><span style=\"color: #800000;\">Damasco,5 feb (SANA)<\/span>\u00a0\u00a0<\/strong> Tras concluir su visita oficial a Turkiye, el presidente de la Rep\u00fablica \u00c1rabe Siria, Ahmed Al-Sharaa, escribi\u00f3 las siguientes palabras:<\/p>\n<p style=\"text-align: justify;\">Me gustar\u00eda expresar mi m\u00e1s profundo agradecimiento y reconocimiento a su excelencia el presidente Recep Tayyip Erdogan por su hospitalidad y c\u00e1lida bienvenida durante nuestra visita a la amiga Rep\u00fablica de Turqu\u00eda.<\/p>\n<p style=\"text-align: justify;\"><img loading=\"lazy\" decoding=\"async\" class=\"size-medium wp-image-346562 alignright\" src=\"http:\/\/sana.sy\/es\/wp-content\/uploads\/2025\/02\/photo_2025-02-05_14-11-15-2-300x168.jpg\" alt=\"\" width=\"300\" height=\"168\" srcset=\"https:\/\/archive.sana.sy\/es\/wp-content\/uploads\/2025\/02\/photo_2025-02-05_14-11-15-2-300x168.jpg 300w, https:\/\/archive.sana.sy\/es\/wp-content\/uploads\/2025\/02\/photo_2025-02-05_14-11-15-2-1024x574.jpg 1024w, https:\/\/archive.sana.sy\/es\/wp-content\/uploads\/2025\/02\/photo_2025-02-05_14-11-15-2-150x84.jpg 150w, https:\/\/archive.sana.sy\/es\/wp-content\/uploads\/2025\/02\/photo_2025-02-05_14-11-15-2-768x431.jpg 768w, https:\/\/archive.sana.sy\/es\/wp-content\/uploads\/2025\/02\/photo_2025-02-05_14-11-15-2.jpg 1280w\" sizes=\"(max-width: 300px) 100vw, 300px\" \/><\/p>\n<p style=\"text-align: justify;\">Afirmamos que la postura positiva y honorable de Turqu\u00eda en apoyo de la justa causa del pueblo sirio representa un modelo de hermandad entre los dos pueblos.<\/p>\n<p style=\"text-align: justify;\">Esperamos mejorar la coordinaci\u00f3n entre los dos pa\u00edses en todos los niveles pol\u00edtico, econ\u00f3mico y de seguridad de una manera que sirva a los intereses comunes y mejore la cooperaci\u00f3n para enfrentar los desaf\u00edos futuros.<\/p>\n<p style=\"text-align: justify;\"><span style=\"color: #800000;\"><strong>fm\/ws<\/strong><\/span><\/p>\n","protected":false},"excerpt":{"rendered":"<p>Damasco,5 feb (SANA)\u00a0\u00a0 Tras concluir su visita oficial a Turkiye, el presidente de la Rep\u00fablica \u00c1rabe Siria, Ahmed Al-Sharaa, escribi\u00f3 las siguientes palabras: Me gustar\u00eda expresar mi m\u00e1s profundo agradecimiento y reconocimiento a su excelencia el presidente Recep Tayyip Erdogan por su hospitalidad y c\u00e1lida bienvenida durante nuestra visita a la amiga Rep\u00fablica de Turqu\u00eda. &hellip;<\/p>\n","protected":false},"author":35,"featured_media":346561,"comment_status":"closed","ping_status":"closed","sticky":false,"template":"","format":"standard","meta":{"footnotes":""},"categories":[597,456,16687,20724,467,583],"tags":[],"class_list":["post-346560","post","type-post","status-publish","format-standard","has-post-thumbnail","","category-cinta-de-noticias","category-arabe-internacional-politica","category-internacionales","category-minuto-a-minuto","category-siria-y-el-mundo","category-slide"],"_links":{"self":[{"href":"https:\/\/archive.sana.sy\/es\/index.php?rest_route=\/wp\/v2\/posts\/346560"}],"collection":[{"href":"https:\/\/archive.sana.sy\/es\/index.php?rest_route=\/wp\/v2\/posts"}],"about":[{"href":"https:\/\/archive.sana.sy\/es\/index.php?rest_route=\/wp\/v2\/types\/post"}],"author":[{"embeddable":true,"href":"https:\/\/archive.sana.sy\/es\/index.php?rest_route=\/wp\/v2\/users\/35"}],"replies":[{"embeddable":true,"href":"https:\/\/archive.sana.sy\/es\/index.php?rest_route=%2Fwp%2Fv2%2Fcomments&post=346560"}],"version-history":[{"count":2,"href":"https:\/\/archive.sana.sy\/es\/index.php?rest_route=\/wp\/v2\/posts\/346560\/revisions"}],"predecessor-version":[{"id":346564,"href":"https:\/\/archive.sana.sy\/es\/index.php?rest_route=\/wp\/v2\/posts\/346560\/revisions\/346564"}],"wp:featuredmedia":[{"embeddable":true,"href":"https:\/\/archive.sana.sy\/es\/index.php?rest_route=\/wp\/v2\/media\/346561"}],"wp:attachment":[{"href":"https:\/\/archive.sana.sy\/es\/index.php?rest_route=%2Fwp%2Fv2%2Fmedia&parent=346560"}],"wp:term":[{"taxonomy":"category","embeddable":true,"href":"https:\/\/archive.sana.sy\/es\/index.php?rest_route=%2Fwp%2Fv2%2Fcategories&post=346560"},{"taxonomy":"post_tag","embeddable":true,"href":"https:\/\/archive.sana.sy\/es\/index.php?rest_route=%2Fwp%2Fv2%2Ftags&post=346560"}],"curies":[{"name":"wp","href":"https:\/\/api.w.org\/{rel}","templated":true}]}}