{"id":346572,"date":"2025-02-05T16:44:35","date_gmt":"2025-02-05T13:44:35","guid":{"rendered":"https:\/\/sana.sy\/es\/?p=346572"},"modified":"2025-02-05T16:44:35","modified_gmt":"2025-02-05T13:44:35","slug":"direccion-de-seguridad-general-de-deir-ezzor-tomaremos-una-serie-de-medidas-encaminadas-a-mejorar-la-situacion-de-seguridad-en-la-provincia-entre-las-cuales-acabar-con-los-puntos-de-control-que-inst","status":"publish","type":"post","link":"https:\/\/archive.sana.sy\/es\/?p=346572","title":{"rendered":"Direcci\u00f3n de Seguridad General de Deir Ezzor: Tomaremos una serie de medidas encaminadas a mejorar la situaci\u00f3n de seguridad en la provincia, entre las cuales acabar con los puntos de control que instal\u00f3 el ex r\u00e9gimen en varias zonas para reprimir a los civiles."},"content":{"rendered":"","protected":false},"excerpt":{"rendered":"","protected":false},"author":24,"featured_media":0,"comment_status":"closed","ping_status":"closed","sticky":false,"template":"","format":"standard","meta":{"footnotes":""},"categories":[20724],"tags":[],"class_list":["post-346572","post","type-post","status-publish","format-standard","","category-minuto-a-minuto"],"_links":{"self":[{"href":"https:\/\/archive.sana.sy\/es\/index.php?rest_route=\/wp\/v2\/posts\/346572"}],"collection":[{"href":"https:\/\/archive.sana.sy\/es\/index.php?rest_route=\/wp\/v2\/posts"}],"about":[{"href":"https:\/\/archive.sana.sy\/es\/index.php?rest_route=\/wp\/v2\/types\/post"}],"author":[{"embeddable":true,"href":"https:\/\/archive.sana.sy\/es\/index.php?rest_route=\/wp\/v2\/users\/24"}],"replies":[{"embeddable":true,"href":"https:\/\/archive.sana.sy\/es\/index.php?rest_route=%2Fwp%2Fv2%2Fcomments&post=346572"}],"version-history":[{"count":1,"href":"https:\/\/archive.sana.sy\/es\/index.php?rest_route=\/wp\/v2\/posts\/346572\/revisions"}],"predecessor-version":[{"id":346573,"href":"https:\/\/archive.sana.sy\/es\/index.php?rest_route=\/wp\/v2\/posts\/346572\/revisions\/346573"}],"wp:attachment":[{"href":"https:\/\/archive.sana.sy\/es\/index.php?rest_route=%2Fwp%2Fv2%2Fmedia&parent=346572"}],"wp:term":[{"taxonomy":"category","embeddable":true,"href":"https:\/\/archive.sana.sy\/es\/index.php?rest_route=%2Fwp%2Fv2%2Fcategories&post=346572"},{"taxonomy":"post_tag","embeddable":true,"href":"https:\/\/archive.sana.sy\/es\/index.php?rest_route=%2Fwp%2Fv2%2Ftags&post=346572"}],"curies":[{"name":"wp","href":"https:\/\/api.w.org\/{rel}","templated":true}]}}