{"id":346586,"date":"2025-02-05T18:02:03","date_gmt":"2025-02-05T15:02:03","guid":{"rendered":"https:\/\/sana.sy\/es\/?p=346586"},"modified":"2025-02-05T18:03:33","modified_gmt":"2025-02-05T15:03:33","slug":"siria-e-italia-examinan-vias-de-renovar-los-acuerdos-firmados-en-varios-sectores-vitales","status":"publish","type":"post","link":"https:\/\/archive.sana.sy\/es\/?p=346586","title":{"rendered":"Siria e Italia examinan v\u00edas de renovar los acuerdos firmados en varios sectores vitales"},"content":{"rendered":"<p style=\"text-align: justify\"><span style=\"color: #800000\"><strong>Damasco, 05 feb (SANA)<\/strong> <\/span>El jefe de la Comisi\u00f3n de Planificaci\u00f3n y Cooperaci\u00f3n Internacional de Siria, Mosaab Badawi, sostuvo hoy una reuni\u00f3n con Stefano Ravagnan, encargado de Negocios de la Embajada de Italia en Siria, donde se abordaron estrategias para mejorar la cooperaci\u00f3n entre ambos pa\u00edses en materia econ\u00f3mica.<\/p>\n<p style=\"text-align: justify\">Durante el encuentro, ambas partes resaltaron las prioridades para la pr\u00f3xima fase de colaboraci\u00f3n se centra en revitalizar los sectores de agricultura, electricidad, salud y educaci\u00f3n.<\/p>\n<p style=\"text-align: justify\">Asimismo, se plante\u00f3 la necesidad de renovar los acuerdos firmados entre las dos naciones con el fin de facilitar el avance en estos \u00e1mbitos.<\/p>\n<p style=\"text-align: justify\">Badawi subray\u00f3 la importancia de beneficiarse de la experiencia de las agencias italianas en el proceso de reconstrucci\u00f3n de Siria.<\/p>\n<p style=\"text-align: justify\">Por su parte, el jefe de la misi\u00f3n diplom\u00e1tica italiana reiter\u00f3 que su pa\u00eds est\u00e1 comprometido con el tema de eliminaci\u00f3n de las sanciones aplicadas contra Siria, lo que ser\u00e1 un paso fundamental para promover la econom\u00eda siria y traer apoyo a las peque\u00f1as y medianas empresas.<\/p>\n","protected":false},"excerpt":{"rendered":"<p>Damasco, 05 feb (SANA) El jefe de la Comisi\u00f3n de Planificaci\u00f3n y Cooperaci\u00f3n Internacional de Siria, Mosaab Badawi, sostuvo hoy una reuni\u00f3n con Stefano Ravagnan, encargado de Negocios de la Embajada de Italia en Siria, donde se abordaron estrategias para mejorar la cooperaci\u00f3n entre ambos pa\u00edses en materia econ\u00f3mica. Durante el encuentro, ambas partes resaltaron &hellip;<\/p>\n","protected":false},"author":24,"featured_media":346587,"comment_status":"closed","ping_status":"closed","sticky":false,"template":"","format":"standard","meta":{"footnotes":""},"categories":[447,597,20724,476,448,467,7541],"tags":[],"class_list":["post-346586","post","type-post","status-publish","format-standard","has-post-thumbnail","","category-local-politica","category-cinta-de-noticias","category-minuto-a-minuto","category-locales","category-noticias","category-siria-y-el-mundo","category-ultimas-noticias"],"_links":{"self":[{"href":"https:\/\/archive.sana.sy\/es\/index.php?rest_route=\/wp\/v2\/posts\/346586"}],"collection":[{"href":"https:\/\/archive.sana.sy\/es\/index.php?rest_route=\/wp\/v2\/posts"}],"about":[{"href":"https:\/\/archive.sana.sy\/es\/index.php?rest_route=\/wp\/v2\/types\/post"}],"author":[{"embeddable":true,"href":"https:\/\/archive.sana.sy\/es\/index.php?rest_route=\/wp\/v2\/users\/24"}],"replies":[{"embeddable":true,"href":"https:\/\/archive.sana.sy\/es\/index.php?rest_route=%2Fwp%2Fv2%2Fcomments&post=346586"}],"version-history":[{"count":4,"href":"https:\/\/archive.sana.sy\/es\/index.php?rest_route=\/wp\/v2\/posts\/346586\/revisions"}],"predecessor-version":[{"id":346591,"href":"https:\/\/archive.sana.sy\/es\/index.php?rest_route=\/wp\/v2\/posts\/346586\/revisions\/346591"}],"wp:featuredmedia":[{"embeddable":true,"href":"https:\/\/archive.sana.sy\/es\/index.php?rest_route=\/wp\/v2\/media\/346587"}],"wp:attachment":[{"href":"https:\/\/archive.sana.sy\/es\/index.php?rest_route=%2Fwp%2Fv2%2Fmedia&parent=346586"}],"wp:term":[{"taxonomy":"category","embeddable":true,"href":"https:\/\/archive.sana.sy\/es\/index.php?rest_route=%2Fwp%2Fv2%2Fcategories&post=346586"},{"taxonomy":"post_tag","embeddable":true,"href":"https:\/\/archive.sana.sy\/es\/index.php?rest_route=%2Fwp%2Fv2%2Ftags&post=346586"}],"curies":[{"name":"wp","href":"https:\/\/api.w.org\/{rel}","templated":true}]}}