{"id":346592,"date":"2025-02-05T18:20:04","date_gmt":"2025-02-05T15:20:04","guid":{"rendered":"https:\/\/sana.sy\/es\/?p=346592"},"modified":"2025-02-05T18:20:38","modified_gmt":"2025-02-05T15:20:38","slug":"jordania-y-qatar-reiteran-necesidad-de-apoyar-la-soberania-y-estabilidad-de-siria","status":"publish","type":"post","link":"https:\/\/archive.sana.sy\/es\/?p=346592","title":{"rendered":"Jordania y Qatar reiteran necesidad de apoyar la soberan\u00eda y estabilidad de Siria"},"content":{"rendered":"<p style=\"text-align: justify\"><span style=\"color: #800000\"><strong>Am\u00e1n, 05 feb (SANA)<\/strong><\/span> El Rey de Jordania, Abdullah II, y el Emir de Qatar, \u00a0Tamim bin Hamad Al Thani, destacaron la necesidad de apoyar a Siria.<\/p>\n<p style=\"text-align: justify\">Estas posturas fueron declaradas durante una conversaci\u00f3n telef\u00f3nica, seg\u00fan anunci\u00f3 la agencia jordana Petra.<\/p>\n<p style=\"text-align: justify\">Los dos mandatarios hicieron hincapi\u00e9 en la importancia de apoyar a los hermanos sirios, as\u00ed como los esfuerzos encaminados a preservar la unidad, soberan\u00eda y estabilidad de su pa\u00eds.<\/p>\n<p style=\"text-align: justify\">En otro contexto, analizaron los acontecimientos actuales en la regi\u00f3n, especialmente en Gaza y Cisjordania.<\/p>\n","protected":false},"excerpt":{"rendered":"<p>Am\u00e1n, 05 feb (SANA) El Rey de Jordania, Abdullah II, y el Emir de Qatar, \u00a0Tamim bin Hamad Al Thani, destacaron la necesidad de apoyar a Siria. Estas posturas fueron declaradas durante una conversaci\u00f3n telef\u00f3nica, seg\u00fan anunci\u00f3 la agencia jordana Petra. Los dos mandatarios hicieron hincapi\u00e9 en la importancia de apoyar a los hermanos sirios, &hellip;<\/p>\n","protected":false},"author":24,"featured_media":346593,"comment_status":"closed","ping_status":"closed","sticky":false,"template":"","format":"standard","meta":{"footnotes":""},"categories":[597,20724,467,7541],"tags":[],"class_list":["post-346592","post","type-post","status-publish","format-standard","has-post-thumbnail","","category-cinta-de-noticias","category-minuto-a-minuto","category-siria-y-el-mundo","category-ultimas-noticias"],"_links":{"self":[{"href":"https:\/\/archive.sana.sy\/es\/index.php?rest_route=\/wp\/v2\/posts\/346592"}],"collection":[{"href":"https:\/\/archive.sana.sy\/es\/index.php?rest_route=\/wp\/v2\/posts"}],"about":[{"href":"https:\/\/archive.sana.sy\/es\/index.php?rest_route=\/wp\/v2\/types\/post"}],"author":[{"embeddable":true,"href":"https:\/\/archive.sana.sy\/es\/index.php?rest_route=\/wp\/v2\/users\/24"}],"replies":[{"embeddable":true,"href":"https:\/\/archive.sana.sy\/es\/index.php?rest_route=%2Fwp%2Fv2%2Fcomments&post=346592"}],"version-history":[{"count":2,"href":"https:\/\/archive.sana.sy\/es\/index.php?rest_route=\/wp\/v2\/posts\/346592\/revisions"}],"predecessor-version":[{"id":346595,"href":"https:\/\/archive.sana.sy\/es\/index.php?rest_route=\/wp\/v2\/posts\/346592\/revisions\/346595"}],"wp:featuredmedia":[{"embeddable":true,"href":"https:\/\/archive.sana.sy\/es\/index.php?rest_route=\/wp\/v2\/media\/346593"}],"wp:attachment":[{"href":"https:\/\/archive.sana.sy\/es\/index.php?rest_route=%2Fwp%2Fv2%2Fmedia&parent=346592"}],"wp:term":[{"taxonomy":"category","embeddable":true,"href":"https:\/\/archive.sana.sy\/es\/index.php?rest_route=%2Fwp%2Fv2%2Fcategories&post=346592"},{"taxonomy":"post_tag","embeddable":true,"href":"https:\/\/archive.sana.sy\/es\/index.php?rest_route=%2Fwp%2Fv2%2Ftags&post=346592"}],"curies":[{"name":"wp","href":"https:\/\/api.w.org\/{rel}","templated":true}]}}