{"id":346604,"date":"2025-02-06T07:28:34","date_gmt":"2025-02-06T04:28:34","guid":{"rendered":"https:\/\/sana.sy\/es\/?p=346604"},"modified":"2025-02-06T07:29:03","modified_gmt":"2025-02-06T04:29:03","slug":"presidente-frances-felicita-a-al-shraa-por-asumir-la-presidencia-siria","status":"publish","type":"post","link":"https:\/\/archive.sana.sy\/es\/?p=346604","title":{"rendered":"Presidente franc\u00e9s felicita a Al-Sharaa por asumir la presidencia siria"},"content":{"rendered":"<p style=\"text-align: justify;\"><span style=\"color: #800000;\"><strong>Damasco, 6 feb (SANA)<\/strong><\/span> El Presidente de Francia, Emmanuel Macron, felicit\u00f3 a su par sirio Ahmed Al-Sharaa por asumir la presidencia y expres\u00f3 su pleno apoyo a la fase de transici\u00f3n.<\/p>\n<p style=\"text-align: justify;\">El mandatario galo sostuvo una conversaci\u00f3n telef\u00f3nica con Al-Sharaa y le expres\u00f3 el apoyo a la fase de transici\u00f3n y al levantamiento de las sanciones impuestas a Siria para abrir el camino ante el crecimiento y la recuperaci\u00f3n.<\/p>\n<p style=\"text-align: justify;\">Ambos mandatarios intercambiaron sobre los desaf\u00edos de seguridad en Siria y la necesidad de trabajar juntos para mantener la estabilidad en Siria.<\/p>\n<p style=\"text-align: justify;\">Macr\u00f3n reiter\u00f3 el apoyo al proceso pol\u00edtico sirio y a la unidad, independencia y soberan\u00eda territorial.<\/p>\n<p style=\"text-align: justify;\">Por su parte, el presidente Ahmed Al-Shara agradeci\u00f3 a su hom\u00f3logo franc\u00e9s por su llamada y por las posiciones de apoyo de Francia hacia el pueblo sirio durante los \u00faltimos catorce a\u00f1os.<\/p>\n<p style=\"text-align: justify;\">Siria ser\u00e1 una parte activa y positiva de la regi\u00f3n y el mundo, y compartir\u00e1 las preocupaciones de sus socios en materia de seguridad, dijo el presidente sirio.<\/p>\n<p style=\"text-align: justify;\">Agreg\u00f3 que Damasco se centrar\u00e1 en sus intereses nacionales, representados por la estabilidad, soberan\u00eda e integridad territorial del pa\u00eds.<\/p>\n<p style=\"text-align: justify;\">Al-Sharaa tambi\u00e9n habl\u00f3 sobre los desaf\u00edos actuales que representan las sanciones econ\u00f3micas impuestas al pueblo sirio y el reto de completar la unidad del territorio sirio, y ofreci\u00f3 una explicaci\u00f3n sobre la visi\u00f3n de desarrollo adoptada por la nueva administraci\u00f3n, para garantizar el bienestar y la recuperaci\u00f3n de Siria y su pueblo con urgencia.<\/p>\n<p style=\"text-align: justify;\">El mandatario franc\u00e9s dirigi\u00f3 una invitaci\u00f3n a Ahmed Al-Sharaa para realizar una visita a esta naci\u00f3n europea durante las pr\u00f3ximas semanas.<\/p>\n<p style=\"text-align: justify;\">\n","protected":false},"excerpt":{"rendered":"<p>Damasco, 6 feb (SANA) El Presidente de Francia, Emmanuel Macron, felicit\u00f3 a su par sirio Ahmed Al-Sharaa por asumir la presidencia y expres\u00f3 su pleno apoyo a la fase de transici\u00f3n. El mandatario galo sostuvo una conversaci\u00f3n telef\u00f3nica con Al-Sharaa y le expres\u00f3 el apoyo a la fase de transici\u00f3n y al levantamiento de las &hellip;<\/p>\n","protected":false},"author":34,"featured_media":346605,"comment_status":"closed","ping_status":"closed","sticky":false,"template":"","format":"standard","meta":{"footnotes":""},"categories":[477,447,597,20724,476,583],"tags":[],"class_list":["post-346604","post","type-post","status-publish","format-standard","has-post-thumbnail","","category-noticias-edulcorantes","category-local-politica","category-cinta-de-noticias","category-minuto-a-minuto","category-locales","category-slide"],"_links":{"self":[{"href":"https:\/\/archive.sana.sy\/es\/index.php?rest_route=\/wp\/v2\/posts\/346604"}],"collection":[{"href":"https:\/\/archive.sana.sy\/es\/index.php?rest_route=\/wp\/v2\/posts"}],"about":[{"href":"https:\/\/archive.sana.sy\/es\/index.php?rest_route=\/wp\/v2\/types\/post"}],"author":[{"embeddable":true,"href":"https:\/\/archive.sana.sy\/es\/index.php?rest_route=\/wp\/v2\/users\/34"}],"replies":[{"embeddable":true,"href":"https:\/\/archive.sana.sy\/es\/index.php?rest_route=%2Fwp%2Fv2%2Fcomments&post=346604"}],"version-history":[{"count":2,"href":"https:\/\/archive.sana.sy\/es\/index.php?rest_route=\/wp\/v2\/posts\/346604\/revisions"}],"predecessor-version":[{"id":346607,"href":"https:\/\/archive.sana.sy\/es\/index.php?rest_route=\/wp\/v2\/posts\/346604\/revisions\/346607"}],"wp:featuredmedia":[{"embeddable":true,"href":"https:\/\/archive.sana.sy\/es\/index.php?rest_route=\/wp\/v2\/media\/346605"}],"wp:attachment":[{"href":"https:\/\/archive.sana.sy\/es\/index.php?rest_route=%2Fwp%2Fv2%2Fmedia&parent=346604"}],"wp:term":[{"taxonomy":"category","embeddable":true,"href":"https:\/\/archive.sana.sy\/es\/index.php?rest_route=%2Fwp%2Fv2%2Fcategories&post=346604"},{"taxonomy":"post_tag","embeddable":true,"href":"https:\/\/archive.sana.sy\/es\/index.php?rest_route=%2Fwp%2Fv2%2Ftags&post=346604"}],"curies":[{"name":"wp","href":"https:\/\/api.w.org\/{rel}","templated":true}]}}