{"id":346612,"date":"2025-02-06T14:23:31","date_gmt":"2025-02-06T11:23:31","guid":{"rendered":"https:\/\/sana.sy\/es\/?p=346612"},"modified":"2025-02-06T14:23:31","modified_gmt":"2025-02-06T11:23:31","slug":"siria-y-jordania-repasan-cooperacion-en-ambito-de-salud","status":"publish","type":"post","link":"https:\/\/archive.sana.sy\/es\/?p=346612","title":{"rendered":"Siria y Jordania repasan cooperaci\u00f3n en \u00e1mbito de salud"},"content":{"rendered":"<p style=\"text-align: justify;\"><span style=\"color: #800000;\">Damasco, 6 feb (SANA)<\/span> El ministro de Salud en funciones, Maher Al-Sharaa, se reuni\u00f3 hoy con el decano del Sindicato de M\u00e9dicos de Jordania, Ziad Al-Zoubi, y la delegaci\u00f3n que lo acompa\u00f1a.<\/p>\n<p style=\"text-align: justify;\">Las dos partes repasaron los medios para consolidar la cooperaci\u00f3n en materia de salud e incrementar el intercambio de experiencias a nivel de formaci\u00f3n de cuadros m\u00e9dicos para elevar la calidad de los servicios de salud prestados a los pacientes en ambos pa\u00edses.<\/p>\n<p style=\"text-align: justify;\">Durante una reuni\u00f3n celebrada en el Ministerio, Al-Sharaa destac\u00f3 las profundas relaciones sirio-jordanas y elogi\u00f3 los excelentes programas de formaci\u00f3n del personal m\u00e9dico.<\/p>\n<p style=\"text-align: justify;\">Por su parte, Al-Zoubi expres\u00f3 que su pa\u00eds est\u00e1 dispuesto a brindar todo tipo de asistencia y cooperaci\u00f3n para promover la situaci\u00f3n sanitaria siria y brindar los mejores servicios m\u00e9dicos a los ciudadanos.<\/p>\n<p style=\"text-align: justify;\">ed\/fm<\/p>\n","protected":false},"excerpt":{"rendered":"<p>Damasco, 6 feb (SANA) El ministro de Salud en funciones, Maher Al-Sharaa, se reuni\u00f3 hoy con el decano del Sindicato de M\u00e9dicos de Jordania, Ziad Al-Zoubi, y la delegaci\u00f3n que lo acompa\u00f1a. Las dos partes repasaron los medios para consolidar la cooperaci\u00f3n en materia de salud e incrementar el intercambio de experiencias a nivel de &hellip;<\/p>\n","protected":false},"author":32,"featured_media":346613,"comment_status":"closed","ping_status":"closed","sticky":false,"template":"","format":"standard","meta":{"footnotes":""},"categories":[597,20724,467,7541],"tags":[],"class_list":["post-346612","post","type-post","status-publish","format-standard","has-post-thumbnail","","category-cinta-de-noticias","category-minuto-a-minuto","category-siria-y-el-mundo","category-ultimas-noticias"],"_links":{"self":[{"href":"https:\/\/archive.sana.sy\/es\/index.php?rest_route=\/wp\/v2\/posts\/346612"}],"collection":[{"href":"https:\/\/archive.sana.sy\/es\/index.php?rest_route=\/wp\/v2\/posts"}],"about":[{"href":"https:\/\/archive.sana.sy\/es\/index.php?rest_route=\/wp\/v2\/types\/post"}],"author":[{"embeddable":true,"href":"https:\/\/archive.sana.sy\/es\/index.php?rest_route=\/wp\/v2\/users\/32"}],"replies":[{"embeddable":true,"href":"https:\/\/archive.sana.sy\/es\/index.php?rest_route=%2Fwp%2Fv2%2Fcomments&post=346612"}],"version-history":[{"count":1,"href":"https:\/\/archive.sana.sy\/es\/index.php?rest_route=\/wp\/v2\/posts\/346612\/revisions"}],"predecessor-version":[{"id":346614,"href":"https:\/\/archive.sana.sy\/es\/index.php?rest_route=\/wp\/v2\/posts\/346612\/revisions\/346614"}],"wp:featuredmedia":[{"embeddable":true,"href":"https:\/\/archive.sana.sy\/es\/index.php?rest_route=\/wp\/v2\/media\/346613"}],"wp:attachment":[{"href":"https:\/\/archive.sana.sy\/es\/index.php?rest_route=%2Fwp%2Fv2%2Fmedia&parent=346612"}],"wp:term":[{"taxonomy":"category","embeddable":true,"href":"https:\/\/archive.sana.sy\/es\/index.php?rest_route=%2Fwp%2Fv2%2Fcategories&post=346612"},{"taxonomy":"post_tag","embeddable":true,"href":"https:\/\/archive.sana.sy\/es\/index.php?rest_route=%2Fwp%2Fv2%2Ftags&post=346612"}],"curies":[{"name":"wp","href":"https:\/\/api.w.org\/{rel}","templated":true}]}}