{"id":346618,"date":"2025-02-06T13:45:45","date_gmt":"2025-02-06T10:45:45","guid":{"rendered":"https:\/\/sana.sy\/es\/?p=346618"},"modified":"2025-02-06T16:46:17","modified_gmt":"2025-02-06T13:46:17","slug":"siria-examina-fortalecer-cooperacion-con-la-unrwa","status":"publish","type":"post","link":"https:\/\/archive.sana.sy\/es\/?p=346618","title":{"rendered":"Siria examina fortalecer cooperaci\u00f3n con la UNRWA"},"content":{"rendered":"<p style=\"text-align: justify;\"><span style=\"color: #800000;\"><strong>Damasco, 06 feb (SANA)<\/strong> <\/span>El ministro de Asuntos Sociales y Trabajo del gobierno interino, Fadi Al-Qassem, analiz\u00f3 con la directora del Organismo de Obras P\u00fablicas y Socorro de las Naciones Unidas para los Refugiados Palestinos (UNRWA) en Siria, Amanya Michael Eby, el trabajo de la organizaci\u00f3n en Siria y sus proyectos futuros.<\/p>\n<p style=\"text-align: justify;\">En el encuentro tambi\u00e9n se abordaron las instalaciones y centros que el organismo busca activar, adem\u00e1s de los retos que enfrenta, as\u00ed como facilitar sus tareas y desarrollar sus proyectos de manera que contribuyan a mejorar los servicios prestados.<\/p>\n<p style=\"text-align: justify;\">Asimismo, ambas partes examinaron los programas de emergencia y la rehabilitaci\u00f3n de los centros da\u00f1ados de la UNRWA.<\/p>\n<p style=\"text-align: justify;\">Cabe se\u00f1alar que la referida entidad de la ONU supervisa 102 escuelas, adem\u00e1s de 27 centros de atenci\u00f3n primaria y 12 centros comunitarios, y contribuye a la graduaci\u00f3n de 300 estudiantes de formaci\u00f3n profesional cada a\u00f1o.<\/p>\n<p style=\"text-align: justify;\">sm<\/p>\n","protected":false},"excerpt":{"rendered":"<p>Damasco, 06 feb (SANA) El ministro de Asuntos Sociales y Trabajo del gobierno interino, Fadi Al-Qassem, analiz\u00f3 con la directora del Organismo de Obras P\u00fablicas y Socorro de las Naciones Unidas para los Refugiados Palestinos (UNRWA) en Siria, Amanya Michael Eby, el trabajo de la organizaci\u00f3n en Siria y sus proyectos futuros. En el encuentro &hellip;<\/p>\n","protected":false},"author":39,"featured_media":346619,"comment_status":"closed","ping_status":"closed","sticky":false,"template":"","format":"standard","meta":{"footnotes":""},"categories":[477,597,20724,467,7541],"tags":[],"class_list":["post-346618","post","type-post","status-publish","format-standard","has-post-thumbnail","","category-noticias-edulcorantes","category-cinta-de-noticias","category-minuto-a-minuto","category-siria-y-el-mundo","category-ultimas-noticias"],"_links":{"self":[{"href":"https:\/\/archive.sana.sy\/es\/index.php?rest_route=\/wp\/v2\/posts\/346618"}],"collection":[{"href":"https:\/\/archive.sana.sy\/es\/index.php?rest_route=\/wp\/v2\/posts"}],"about":[{"href":"https:\/\/archive.sana.sy\/es\/index.php?rest_route=\/wp\/v2\/types\/post"}],"author":[{"embeddable":true,"href":"https:\/\/archive.sana.sy\/es\/index.php?rest_route=\/wp\/v2\/users\/39"}],"replies":[{"embeddable":true,"href":"https:\/\/archive.sana.sy\/es\/index.php?rest_route=%2Fwp%2Fv2%2Fcomments&post=346618"}],"version-history":[{"count":1,"href":"https:\/\/archive.sana.sy\/es\/index.php?rest_route=\/wp\/v2\/posts\/346618\/revisions"}],"predecessor-version":[{"id":346620,"href":"https:\/\/archive.sana.sy\/es\/index.php?rest_route=\/wp\/v2\/posts\/346618\/revisions\/346620"}],"wp:featuredmedia":[{"embeddable":true,"href":"https:\/\/archive.sana.sy\/es\/index.php?rest_route=\/wp\/v2\/media\/346619"}],"wp:attachment":[{"href":"https:\/\/archive.sana.sy\/es\/index.php?rest_route=%2Fwp%2Fv2%2Fmedia&parent=346618"}],"wp:term":[{"taxonomy":"category","embeddable":true,"href":"https:\/\/archive.sana.sy\/es\/index.php?rest_route=%2Fwp%2Fv2%2Fcategories&post=346618"},{"taxonomy":"post_tag","embeddable":true,"href":"https:\/\/archive.sana.sy\/es\/index.php?rest_route=%2Fwp%2Fv2%2Ftags&post=346618"}],"curies":[{"name":"wp","href":"https:\/\/api.w.org\/{rel}","templated":true}]}}