{"id":346623,"date":"2025-02-06T17:35:05","date_gmt":"2025-02-06T14:35:05","guid":{"rendered":"https:\/\/sana.sy\/es\/?p=346623"},"modified":"2025-02-06T17:35:05","modified_gmt":"2025-02-06T14:35:05","slug":"siria-y-sri-lanka-analizan-formas-de-fortalecer-la-cooperacion-comercial","status":"publish","type":"post","link":"https:\/\/archive.sana.sy\/es\/?p=346623","title":{"rendered":"Siria y Sri Lanka analizan formas de fortalecer la cooperaci\u00f3n comercial"},"content":{"rendered":"<p style=\"text-align: justify;\"><span style=\"color: #800000;\"><strong>Damasco, 6 feb (SANA)<\/strong><\/span> El ministro de Comercio Interno y Protecci\u00f3n del Consumidor, Maher al-Hassan, analiz\u00f3 hoy con el embajador de Sri Lanka en Damasco, Kapila Jayaweera, las maneras de mejorar y desarrollar la cooperaci\u00f3n comercial entre los dos pa\u00edses y beneficiarse de la experiencia de Sri Lanka en la adopci\u00f3n del libre mercado.<\/p>\n<p style=\"text-align: justify;\">En la reuni\u00f3n, el ministro sirio indic\u00f3 la profundidad de las relaciones entre los dos pa\u00edses, lo que contribuye el desarrollo de las relaciones comerciales y econ\u00f3micas, y sirve el inter\u00e9s de ambas naciones.<\/p>\n<p style=\"text-align: justify;\">Por su parte, el embajador Jayaweera subray\u00f3 la disposici\u00f3n de su pa\u00eds a desarrollar las relaciones bilaterales entre ambos pa\u00edses en todos los campos, adem\u00e1s de proporcionar todo lo necesario para beneficiarse de la experiencia de Sri Lanka en la adopci\u00f3n del libre mercado.<\/p>\n<p style=\"text-align: justify;\">ahs\/sm<\/p>\n","protected":false},"excerpt":{"rendered":"<p>Damasco, 6 feb (SANA) El ministro de Comercio Interno y Protecci\u00f3n del Consumidor, Maher al-Hassan, analiz\u00f3 hoy con el embajador de Sri Lanka en Damasco, Kapila Jayaweera, las maneras de mejorar y desarrollar la cooperaci\u00f3n comercial entre los dos pa\u00edses y beneficiarse de la experiencia de Sri Lanka en la adopci\u00f3n del libre mercado. En &hellip;<\/p>\n","protected":false},"author":43,"featured_media":346624,"comment_status":"closed","ping_status":"closed","sticky":false,"template":"","format":"standard","meta":{"footnotes":""},"categories":[597,456,20724,467,7541],"tags":[],"class_list":["post-346623","post","type-post","status-publish","format-standard","has-post-thumbnail","","category-cinta-de-noticias","category-arabe-internacional-politica","category-minuto-a-minuto","category-siria-y-el-mundo","category-ultimas-noticias"],"_links":{"self":[{"href":"https:\/\/archive.sana.sy\/es\/index.php?rest_route=\/wp\/v2\/posts\/346623"}],"collection":[{"href":"https:\/\/archive.sana.sy\/es\/index.php?rest_route=\/wp\/v2\/posts"}],"about":[{"href":"https:\/\/archive.sana.sy\/es\/index.php?rest_route=\/wp\/v2\/types\/post"}],"author":[{"embeddable":true,"href":"https:\/\/archive.sana.sy\/es\/index.php?rest_route=\/wp\/v2\/users\/43"}],"replies":[{"embeddable":true,"href":"https:\/\/archive.sana.sy\/es\/index.php?rest_route=%2Fwp%2Fv2%2Fcomments&post=346623"}],"version-history":[{"count":1,"href":"https:\/\/archive.sana.sy\/es\/index.php?rest_route=\/wp\/v2\/posts\/346623\/revisions"}],"predecessor-version":[{"id":346625,"href":"https:\/\/archive.sana.sy\/es\/index.php?rest_route=\/wp\/v2\/posts\/346623\/revisions\/346625"}],"wp:featuredmedia":[{"embeddable":true,"href":"https:\/\/archive.sana.sy\/es\/index.php?rest_route=\/wp\/v2\/media\/346624"}],"wp:attachment":[{"href":"https:\/\/archive.sana.sy\/es\/index.php?rest_route=%2Fwp%2Fv2%2Fmedia&parent=346623"}],"wp:term":[{"taxonomy":"category","embeddable":true,"href":"https:\/\/archive.sana.sy\/es\/index.php?rest_route=%2Fwp%2Fv2%2Fcategories&post=346623"},{"taxonomy":"post_tag","embeddable":true,"href":"https:\/\/archive.sana.sy\/es\/index.php?rest_route=%2Fwp%2Fv2%2Ftags&post=346623"}],"curies":[{"name":"wp","href":"https:\/\/api.w.org\/{rel}","templated":true}]}}