{"id":346628,"date":"2025-02-06T18:26:23","date_gmt":"2025-02-06T15:26:23","guid":{"rendered":"https:\/\/sana.sy\/es\/?p=346628"},"modified":"2025-02-06T18:26:23","modified_gmt":"2025-02-06T15:26:23","slug":"defensa-civil-siria-conmemora-segundo-aniversario-del-devastador-terremoto-del-6-de-febrero","status":"publish","type":"post","link":"https:\/\/archive.sana.sy\/es\/?p=346628","title":{"rendered":"Defensa Civil Siria conmemora segundo aniversario del devastador terremoto del 6 de febrero"},"content":{"rendered":"<p style=\"text-align: justify;\"><span style=\"color: #800000;\"><strong>Damasco, 06 feb (SANA)\u00a0<\/strong> <\/span>La Defensa Civil Siria realiz\u00f3 hoy varias actividades en el segundo aniversario del devastador terremoto que azot\u00f3 Siria y el sur de Turqu\u00eda el 6 de febrero de 2023, en el que m\u00e1s de 4.500 personas perdieron la vida y m\u00e1s de 10.400 resultaron heridas en varias regiones sirias.<\/p>\n<p style=\"text-align: justify;\">La Defensa Civil inform\u00f3 en su canal de Telegram que sus trabajadores voluntarios participaron en un evento comunitario para conmemorar el doloroso aniversario en la localidad de Jandairis, en la ciudad de Afr\u00edn, provincia norte\u00f1a de Alepo, que fue una de las localidades sirias m\u00e1s afectadas por el sismo.<\/p>\n<p style=\"text-align: justify;\">Asimismo, en la ciudad de Homs, la referida entidad organiz\u00f3 una exposici\u00f3n al aire libre que incluy\u00f3 im\u00e1genes de la respuesta al desastre del terremoto y los esfuerzos de los equipos durante las operaciones de b\u00fasqueda y rescate y la recuperaci\u00f3n de las v\u00edctimas.<\/p>\n<p style=\"text-align: justify;\">Adem\u00e1s, la Defensa Civil convoc\u00f3 a participar en dos sentadas de solidaridad en el anfiteatro del Parque Tahrir en la ciudad de Idlib y en la Plaza de los Omeyas en Damasco junto a la Espada de Damasco, a las 18:30 horas de hoy.<\/p>\n<p style=\"text-align: justify;\">Estos eventos se enmarcan en los esfuerzos del mencionado organismo para conmemorar a las v\u00edctimas, expresar solidaridad con sus familias y sobrevivientes y resaltar la magnitud del desastre y las crecientes necesidades humanitarias.<\/p>\n<p style=\"text-align: justify;\"><img loading=\"lazy\" decoding=\"async\" class=\"aligncenter wp-image-346630 size-full\" src=\"http:\/\/sana.sy\/es\/wp-content\/uploads\/2025\/02\/terremoto1.jpg\" alt=\"\" width=\"721\" height=\"1280\" srcset=\"https:\/\/archive.sana.sy\/es\/wp-content\/uploads\/2025\/02\/terremoto1.jpg 721w, https:\/\/archive.sana.sy\/es\/wp-content\/uploads\/2025\/02\/terremoto1-169x300.jpg 169w, https:\/\/archive.sana.sy\/es\/wp-content\/uploads\/2025\/02\/terremoto1-577x1024.jpg 577w, https:\/\/archive.sana.sy\/es\/wp-content\/uploads\/2025\/02\/terremoto1-84x150.jpg 84w\" sizes=\"(max-width: 721px) 100vw, 721px\" \/><\/p>\n<p style=\"text-align: justify;\">sm<\/p>\n","protected":false},"excerpt":{"rendered":"<p>Damasco, 06 feb (SANA)\u00a0 La Defensa Civil Siria realiz\u00f3 hoy varias actividades en el segundo aniversario del devastador terremoto que azot\u00f3 Siria y el sur de Turqu\u00eda el 6 de febrero de 2023, en el que m\u00e1s de 4.500 personas perdieron la vida y m\u00e1s de 10.400 resultaron heridas en varias regiones sirias. La Defensa &hellip;<\/p>\n","protected":false},"author":39,"featured_media":346629,"comment_status":"closed","ping_status":"closed","sticky":false,"template":"","format":"standard","meta":{"footnotes":""},"categories":[477,597,20724,476,7541],"tags":[],"class_list":["post-346628","post","type-post","status-publish","format-standard","has-post-thumbnail","","category-noticias-edulcorantes","category-cinta-de-noticias","category-minuto-a-minuto","category-locales","category-ultimas-noticias"],"_links":{"self":[{"href":"https:\/\/archive.sana.sy\/es\/index.php?rest_route=\/wp\/v2\/posts\/346628"}],"collection":[{"href":"https:\/\/archive.sana.sy\/es\/index.php?rest_route=\/wp\/v2\/posts"}],"about":[{"href":"https:\/\/archive.sana.sy\/es\/index.php?rest_route=\/wp\/v2\/types\/post"}],"author":[{"embeddable":true,"href":"https:\/\/archive.sana.sy\/es\/index.php?rest_route=\/wp\/v2\/users\/39"}],"replies":[{"embeddable":true,"href":"https:\/\/archive.sana.sy\/es\/index.php?rest_route=%2Fwp%2Fv2%2Fcomments&post=346628"}],"version-history":[{"count":1,"href":"https:\/\/archive.sana.sy\/es\/index.php?rest_route=\/wp\/v2\/posts\/346628\/revisions"}],"predecessor-version":[{"id":346631,"href":"https:\/\/archive.sana.sy\/es\/index.php?rest_route=\/wp\/v2\/posts\/346628\/revisions\/346631"}],"wp:featuredmedia":[{"embeddable":true,"href":"https:\/\/archive.sana.sy\/es\/index.php?rest_route=\/wp\/v2\/media\/346629"}],"wp:attachment":[{"href":"https:\/\/archive.sana.sy\/es\/index.php?rest_route=%2Fwp%2Fv2%2Fmedia&parent=346628"}],"wp:term":[{"taxonomy":"category","embeddable":true,"href":"https:\/\/archive.sana.sy\/es\/index.php?rest_route=%2Fwp%2Fv2%2Fcategories&post=346628"},{"taxonomy":"post_tag","embeddable":true,"href":"https:\/\/archive.sana.sy\/es\/index.php?rest_route=%2Fwp%2Fv2%2Ftags&post=346628"}],"curies":[{"name":"wp","href":"https:\/\/api.w.org\/{rel}","templated":true}]}}