{"id":346636,"date":"2025-02-07T10:30:41","date_gmt":"2025-02-07T07:30:41","guid":{"rendered":"https:\/\/sana.sy\/es\/?p=346636"},"modified":"2025-02-07T10:35:39","modified_gmt":"2025-02-07T07:35:39","slug":"con-la-participacion-de-88-empresas-comienza-la-exposicion-textil-especializada-khan-al-harir","status":"publish","type":"post","link":"https:\/\/archive.sana.sy\/es\/?p=346636","title":{"rendered":"Con la participaci\u00f3n de 88 empresas, comienza la Exposici\u00f3n Textil Especializada \u201cKhan Al-Harir\u201d"},"content":{"rendered":"<p style=\"text-align: justify;\"><span style=\"color: #800000;\"><strong>Damasco, 07 feb (SANA)\u00a0<\/strong> <\/span>La tarde de ayer, en el Recinto Ferial de Damasco, se inauguraron las actividades de la sexta edici\u00f3n de la Exposici\u00f3n Textil Especializada Khan Al-Harir \u201cPrimavera y Verano 2025\u201d, organizada por la C\u00e1mara de Industria de Alepo y la de Damasco y su campo bajo los auspicios del Ministerio de Econom\u00eda y Recursos, con la participaci\u00f3n de 88 empresas nacionales.<\/p>\n<p style=\"text-align: justify;\"><img loading=\"lazy\" decoding=\"async\" class=\"size-medium wp-image-346644 alignright\" src=\"http:\/\/sana.sy\/es\/wp-content\/uploads\/2025\/02\/feria2-1-300x200.jpg\" alt=\"\" width=\"300\" height=\"200\" srcset=\"https:\/\/archive.sana.sy\/es\/wp-content\/uploads\/2025\/02\/feria2-1-300x200.jpg 300w, https:\/\/archive.sana.sy\/es\/wp-content\/uploads\/2025\/02\/feria2-1-150x100.jpg 150w, https:\/\/archive.sana.sy\/es\/wp-content\/uploads\/2025\/02\/feria2-1.jpg 660w\" sizes=\"(max-width: 300px) 100vw, 300px\" \/><\/p>\n<p style=\"text-align: justify;\">El ministro de Econom\u00eda, Basil Abdul Aziz Abdul Hanan, explic\u00f3 en una declaraci\u00f3n a los periodistas que la celebraci\u00f3n de esta exposici\u00f3n refleja el estado de recuperaci\u00f3n y el comienzo de la rueda de la producci\u00f3n, especialmente porque los indicadores econ\u00f3micos son positivos, lo que se refleja en el aumento del movimiento comercial y el aumento de las tasas de exportaci\u00f3n.<\/p>\n<p style=\"text-align: justify;\">Asimismo, el Ministro destac\u00f3 los esfuerzos de las c\u00e1maras de industria de Alepo, Damasco y su campo para efectuar esta exhibici\u00f3n que ser\u00e1 la primera de una serie de venideras ferias.<\/p>\n<p style=\"text-align: justify;\">Por su parte, director de la C\u00e1mara de Industria de Damasco y su campo, Muhammad Ayman al-Mawlawi, se\u00f1al\u00f3 que la \u201cExposici\u00f3n Khan al-Harir\u201d es el primer evento econ\u00f3mico importante despu\u00e9s de la liberaci\u00f3n y el primer resultado de los esfuerzos para restaurar el estatus de la industria textil y de la confecci\u00f3n de todo tipo.<\/p>\n<p style=\"text-align: justify;\">De igual manera, el miembro de la Junta Directiva de la C\u00e1mara de Industria de Alepo y jefe del Comit\u00e9 de Exposiciones, Muhammad Zizan, confirm\u00f3 que la referida exposici\u00f3n ser\u00e1 el n\u00facleo de otras pr\u00f3ximas actividades similares, con el objetivo de promover y comercializar el producto nacional, que es un competidor de los productos importados.<\/p>\n<p style=\"text-align: justify;\">Zizan se refiri\u00f3 a la buena concurrencia de visitantes al evento en su primer d\u00eda, en la que participaron empresarios y comerciantes de Iraq, Jordania, L\u00edbano y Kuwait.<\/p>\n<p style=\"text-align: justify;\">Cabe se\u00f1alar que la exposici\u00f3n se llevar\u00e1 a cabo en el pabell\u00f3n 26 y sus actividades se prolongar\u00e1n hasta el 8 de febrero, y abre sus puertas de 11:00 a 20:00 horas y el viernes de 14:00 a 21:00 horas.<\/p>\n<div id='gallery-1' class='gallery galleryid-346636 gallery-columns-1 gallery-size-full'><figure class='gallery-item'>\n\t\t\t<div class='gallery-icon landscape'>\n\t\t\t\t<a href='https:\/\/archive.sana.sy\/es\/?attachment_id=346638'><img loading=\"lazy\" decoding=\"async\" width=\"660\" height=\"439\" src=\"https:\/\/archive.sana.sy\/es\/wp-content\/uploads\/2025\/02\/feria4.jpg\" class=\"attachment-full size-full\" alt=\"\" srcset=\"https:\/\/archive.sana.sy\/es\/wp-content\/uploads\/2025\/02\/feria4.jpg 660w, https:\/\/archive.sana.sy\/es\/wp-content\/uploads\/2025\/02\/feria4-300x200.jpg 300w, https:\/\/archive.sana.sy\/es\/wp-content\/uploads\/2025\/02\/feria4-150x100.jpg 150w, https:\/\/archive.sana.sy\/es\/wp-content\/uploads\/2025\/02\/feria4-310x205.jpg 310w\" sizes=\"(max-width: 660px) 100vw, 660px\" \/><\/a>\n\t\t\t<\/div><\/figure><figure class='gallery-item'>\n\t\t\t<div class='gallery-icon landscape'>\n\t\t\t\t<a href='https:\/\/archive.sana.sy\/es\/?attachment_id=346639'><img loading=\"lazy\" decoding=\"async\" width=\"660\" height=\"439\" src=\"https:\/\/archive.sana.sy\/es\/wp-content\/uploads\/2025\/02\/feria7.jpg\" class=\"attachment-full size-full\" alt=\"\" srcset=\"https:\/\/archive.sana.sy\/es\/wp-content\/uploads\/2025\/02\/feria7.jpg 660w, https:\/\/archive.sana.sy\/es\/wp-content\/uploads\/2025\/02\/feria7-300x200.jpg 300w, https:\/\/archive.sana.sy\/es\/wp-content\/uploads\/2025\/02\/feria7-150x100.jpg 150w, https:\/\/archive.sana.sy\/es\/wp-content\/uploads\/2025\/02\/feria7-310x205.jpg 310w\" sizes=\"(max-width: 660px) 100vw, 660px\" \/><\/a>\n\t\t\t<\/div><\/figure><figure class='gallery-item'>\n\t\t\t<div class='gallery-icon landscape'>\n\t\t\t\t<a href='https:\/\/archive.sana.sy\/es\/?attachment_id=346640'><img loading=\"lazy\" decoding=\"async\" width=\"660\" height=\"405\" src=\"https:\/\/archive.sana.sy\/es\/wp-content\/uploads\/2025\/02\/feria6.jpg\" class=\"attachment-full size-full\" alt=\"\" srcset=\"https:\/\/archive.sana.sy\/es\/wp-content\/uploads\/2025\/02\/feria6.jpg 660w, https:\/\/archive.sana.sy\/es\/wp-content\/uploads\/2025\/02\/feria6-300x184.jpg 300w, https:\/\/archive.sana.sy\/es\/wp-content\/uploads\/2025\/02\/feria6-150x92.jpg 150w\" sizes=\"(max-width: 660px) 100vw, 660px\" \/><\/a>\n\t\t\t<\/div><\/figure><figure class='gallery-item'>\n\t\t\t<div class='gallery-icon landscape'>\n\t\t\t\t<a href='https:\/\/archive.sana.sy\/es\/?attachment_id=346641'><img loading=\"lazy\" decoding=\"async\" width=\"660\" height=\"439\" src=\"https:\/\/archive.sana.sy\/es\/wp-content\/uploads\/2025\/02\/feria3.jpg\" class=\"attachment-full size-full\" alt=\"\" srcset=\"https:\/\/archive.sana.sy\/es\/wp-content\/uploads\/2025\/02\/feria3.jpg 660w, https:\/\/archive.sana.sy\/es\/wp-content\/uploads\/2025\/02\/feria3-300x200.jpg 300w, https:\/\/archive.sana.sy\/es\/wp-content\/uploads\/2025\/02\/feria3-150x100.jpg 150w, https:\/\/archive.sana.sy\/es\/wp-content\/uploads\/2025\/02\/feria3-310x205.jpg 310w\" sizes=\"(max-width: 660px) 100vw, 660px\" \/><\/a>\n\t\t\t<\/div><\/figure><figure class='gallery-item'>\n\t\t\t<div class='gallery-icon landscape'>\n\t\t\t\t<a href='https:\/\/archive.sana.sy\/es\/?attachment_id=346642'><img loading=\"lazy\" decoding=\"async\" width=\"660\" height=\"439\" src=\"https:\/\/archive.sana.sy\/es\/wp-content\/uploads\/2025\/02\/feria5.jpg\" class=\"attachment-full size-full\" alt=\"\" srcset=\"https:\/\/archive.sana.sy\/es\/wp-content\/uploads\/2025\/02\/feria5.jpg 660w, https:\/\/archive.sana.sy\/es\/wp-content\/uploads\/2025\/02\/feria5-300x200.jpg 300w, https:\/\/archive.sana.sy\/es\/wp-content\/uploads\/2025\/02\/feria5-150x100.jpg 150w, https:\/\/archive.sana.sy\/es\/wp-content\/uploads\/2025\/02\/feria5-310x205.jpg 310w\" sizes=\"(max-width: 660px) 100vw, 660px\" \/><\/a>\n\t\t\t<\/div><\/figure>\n\t\t<\/div>\n\n<p>sm<\/p>\n","protected":false},"excerpt":{"rendered":"<p>Damasco, 07 feb (SANA)\u00a0 La tarde de ayer, en el Recinto Ferial de Damasco, se inauguraron las actividades de la sexta edici\u00f3n de la Exposici\u00f3n Textil Especializada Khan Al-Harir \u201cPrimavera y Verano 2025\u201d, organizada por la C\u00e1mara de Industria de Alepo y la de Damasco y su campo bajo los auspicios del Ministerio de Econom\u00eda &hellip;<\/p>\n","protected":false},"author":39,"featured_media":346637,"comment_status":"closed","ping_status":"closed","sticky":false,"template":"","format":"standard","meta":{"footnotes":""},"categories":[477,597,16686,483,485,20724,476,7541],"tags":[],"class_list":["post-346636","post","type-post","status-publish","format-standard","has-post-thumbnail","","category-noticias-edulcorantes","category-cinta-de-noticias","category-economia","category-negocios-y-finanzas","category-informes-negocios-y-finanzas","category-minuto-a-minuto","category-locales","category-ultimas-noticias"],"_links":{"self":[{"href":"https:\/\/archive.sana.sy\/es\/index.php?rest_route=\/wp\/v2\/posts\/346636"}],"collection":[{"href":"https:\/\/archive.sana.sy\/es\/index.php?rest_route=\/wp\/v2\/posts"}],"about":[{"href":"https:\/\/archive.sana.sy\/es\/index.php?rest_route=\/wp\/v2\/types\/post"}],"author":[{"embeddable":true,"href":"https:\/\/archive.sana.sy\/es\/index.php?rest_route=\/wp\/v2\/users\/39"}],"replies":[{"embeddable":true,"href":"https:\/\/archive.sana.sy\/es\/index.php?rest_route=%2Fwp%2Fv2%2Fcomments&post=346636"}],"version-history":[{"count":2,"href":"https:\/\/archive.sana.sy\/es\/index.php?rest_route=\/wp\/v2\/posts\/346636\/revisions"}],"predecessor-version":[{"id":346646,"href":"https:\/\/archive.sana.sy\/es\/index.php?rest_route=\/wp\/v2\/posts\/346636\/revisions\/346646"}],"wp:featuredmedia":[{"embeddable":true,"href":"https:\/\/archive.sana.sy\/es\/index.php?rest_route=\/wp\/v2\/media\/346637"}],"wp:attachment":[{"href":"https:\/\/archive.sana.sy\/es\/index.php?rest_route=%2Fwp%2Fv2%2Fmedia&parent=346636"}],"wp:term":[{"taxonomy":"category","embeddable":true,"href":"https:\/\/archive.sana.sy\/es\/index.php?rest_route=%2Fwp%2Fv2%2Fcategories&post=346636"},{"taxonomy":"post_tag","embeddable":true,"href":"https:\/\/archive.sana.sy\/es\/index.php?rest_route=%2Fwp%2Fv2%2Ftags&post=346636"}],"curies":[{"name":"wp","href":"https:\/\/api.w.org\/{rel}","templated":true}]}}