{"id":346647,"date":"2025-02-07T09:14:09","date_gmt":"2025-02-07T06:14:09","guid":{"rendered":"https:\/\/sana.sy\/es\/?p=346647"},"modified":"2025-02-07T11:17:54","modified_gmt":"2025-02-07T08:17:54","slug":"ministro-sirio-de-electricidad-analiza-con-una-delegacion-emirati-proyectos-de-generacion-de-electricidad","status":"publish","type":"post","link":"https:\/\/archive.sana.sy\/es\/?p=346647","title":{"rendered":"Ministro sirio de Electricidad analiza con una delegaci\u00f3n emirat\u00ed proyectos de generaci\u00f3n de electricidad"},"content":{"rendered":"<p style=\"text-align: justify;\"><span style=\"color: #800000;\"><strong>Damasco, 07 feb (SANA)\u00a0<\/strong> <\/span>El ministro sirio de Electricidad, Omar Shaqrouq, abord\u00f3 con una delegaci\u00f3n del Grupo de Inversi\u00f3n y Desarrollo de Abu Dhabi (ADIG) proyectos de generaci\u00f3n de electricidad en Siria.<\/p>\n<p style=\"text-align: justify;\">El titular sirio destac\u00f3 la importancia de estudiar las ofertas presentadas de acuerdo con los planes del Ministerio para resolver la crisis el\u00e9ctrica.<\/p>\n<p style=\"text-align: justify;\">A su vez, la delegaci\u00f3n emirat\u00ed repas\u00f3 sus inversiones en energ\u00eda renovable y soluciones urgentes para el referido sector.<\/p>\n<div id='gallery-1' class='gallery galleryid-346647 gallery-columns-1 gallery-size-full'><figure class='gallery-item'>\n\t\t\t<div class='gallery-icon landscape'>\n\t\t\t\t<a href='https:\/\/archive.sana.sy\/es\/?attachment_id=346649'><img loading=\"lazy\" decoding=\"async\" width=\"660\" height=\"371\" src=\"https:\/\/archive.sana.sy\/es\/wp-content\/uploads\/2025\/02\/electricidad2.jpg\" class=\"attachment-full size-full\" alt=\"\" srcset=\"https:\/\/archive.sana.sy\/es\/wp-content\/uploads\/2025\/02\/electricidad2.jpg 660w, https:\/\/archive.sana.sy\/es\/wp-content\/uploads\/2025\/02\/electricidad2-300x169.jpg 300w, https:\/\/archive.sana.sy\/es\/wp-content\/uploads\/2025\/02\/electricidad2-150x84.jpg 150w\" sizes=\"(max-width: 660px) 100vw, 660px\" \/><\/a>\n\t\t\t<\/div><\/figure><figure class='gallery-item'>\n\t\t\t<div class='gallery-icon landscape'>\n\t\t\t\t<a href='https:\/\/archive.sana.sy\/es\/?attachment_id=346650'><img loading=\"lazy\" decoding=\"async\" width=\"660\" height=\"371\" src=\"https:\/\/archive.sana.sy\/es\/wp-content\/uploads\/2025\/02\/electricidad3.jpg\" class=\"attachment-full size-full\" alt=\"\" srcset=\"https:\/\/archive.sana.sy\/es\/wp-content\/uploads\/2025\/02\/electricidad3.jpg 660w, https:\/\/archive.sana.sy\/es\/wp-content\/uploads\/2025\/02\/electricidad3-300x169.jpg 300w, https:\/\/archive.sana.sy\/es\/wp-content\/uploads\/2025\/02\/electricidad3-150x84.jpg 150w\" sizes=\"(max-width: 660px) 100vw, 660px\" \/><\/a>\n\t\t\t<\/div><\/figure>\n\t\t<\/div>\n\n<p style=\"text-align: justify;\">sm<\/p>\n","protected":false},"excerpt":{"rendered":"<p>Damasco, 07 feb (SANA)\u00a0 El ministro sirio de Electricidad, Omar Shaqrouq, abord\u00f3 con una delegaci\u00f3n del Grupo de Inversi\u00f3n y Desarrollo de Abu Dhabi (ADIG) proyectos de generaci\u00f3n de electricidad en Siria. El titular sirio destac\u00f3 la importancia de estudiar las ofertas presentadas de acuerdo con los planes del Ministerio para resolver la crisis el\u00e9ctrica. &hellip;<\/p>\n","protected":false},"author":39,"featured_media":346648,"comment_status":"closed","ping_status":"closed","sticky":false,"template":"","format":"standard","meta":{"footnotes":""},"categories":[597,456,20724,467,7541],"tags":[],"class_list":["post-346647","post","type-post","status-publish","format-standard","has-post-thumbnail","","category-cinta-de-noticias","category-arabe-internacional-politica","category-minuto-a-minuto","category-siria-y-el-mundo","category-ultimas-noticias"],"_links":{"self":[{"href":"https:\/\/archive.sana.sy\/es\/index.php?rest_route=\/wp\/v2\/posts\/346647"}],"collection":[{"href":"https:\/\/archive.sana.sy\/es\/index.php?rest_route=\/wp\/v2\/posts"}],"about":[{"href":"https:\/\/archive.sana.sy\/es\/index.php?rest_route=\/wp\/v2\/types\/post"}],"author":[{"embeddable":true,"href":"https:\/\/archive.sana.sy\/es\/index.php?rest_route=\/wp\/v2\/users\/39"}],"replies":[{"embeddable":true,"href":"https:\/\/archive.sana.sy\/es\/index.php?rest_route=%2Fwp%2Fv2%2Fcomments&post=346647"}],"version-history":[{"count":1,"href":"https:\/\/archive.sana.sy\/es\/index.php?rest_route=\/wp\/v2\/posts\/346647\/revisions"}],"predecessor-version":[{"id":346651,"href":"https:\/\/archive.sana.sy\/es\/index.php?rest_route=\/wp\/v2\/posts\/346647\/revisions\/346651"}],"wp:featuredmedia":[{"embeddable":true,"href":"https:\/\/archive.sana.sy\/es\/index.php?rest_route=\/wp\/v2\/media\/346648"}],"wp:attachment":[{"href":"https:\/\/archive.sana.sy\/es\/index.php?rest_route=%2Fwp%2Fv2%2Fmedia&parent=346647"}],"wp:term":[{"taxonomy":"category","embeddable":true,"href":"https:\/\/archive.sana.sy\/es\/index.php?rest_route=%2Fwp%2Fv2%2Fcategories&post=346647"},{"taxonomy":"post_tag","embeddable":true,"href":"https:\/\/archive.sana.sy\/es\/index.php?rest_route=%2Fwp%2Fv2%2Ftags&post=346647"}],"curies":[{"name":"wp","href":"https:\/\/api.w.org\/{rel}","templated":true}]}}