{"id":34668,"date":"2015-12-05T13:20:34","date_gmt":"2015-12-05T11:20:34","guid":{"rendered":"http:\/\/sana.sy\/es\/?p=34668"},"modified":"2015-12-05T20:09:15","modified_gmt":"2015-12-05T18:09:15","slug":"muere-el-emir-de-la-organizacion-terrorista-del-frente-al-nousra-en-region-sur","status":"publish","type":"post","link":"https:\/\/archive.sana.sy\/es\/?p=34668","title":{"rendered":"Muere el Emir de la organizaci\u00f3n terrorista del Frente al-Nousra en Regi\u00f3n Sur"},"content":{"rendered":"<p><span style=\"color: #800000\">Deraa, SANA<\/span><\/p>\n<p>El Emir de la organizaci\u00f3n terrorista del Frente al-Nousra en la Regi\u00f3n Sur de Siria, Iyad al-Toubasi, denominado como &#8220;Abu Yulaybib, el Jordano&#8221; muri\u00f3 en la explosi\u00f3n de una bomba en el campo oriental de la provincia de Deraa.<\/p>\n<p>Fuentes locales informaron que el &#8220;responsable de seguridad general y Emir de Damasco y Hawarn (incluye la zona geogr\u00e1fica de Quneitra, Deraa y Sweida) en el Frente al-Nousra, sucursal de al-Qaeda en el Levante, el jordano Abu Yulaybib, fue asesinado en la carretera entre Saida y Kahil, despu\u00e9s de la explosi\u00f3n de una bomba que caus\u00f3 su muerte inmediata y la destrucci\u00f3n de su coche.<\/p>\n<p>El terrorista Abu Yulaybib fue uno de los primeros coordinadores de los primeros ataques contra las instituciones del Estado sirio desde el a\u00f1o 2011, y fue nombrado por Ayman al-Zawahiri, el l\u00edder de la organizaci\u00f3n terrorista al-Qaeda terrorista, como Emir (pr\u00edncipe) de la Regi\u00f3n Sur de Siria a finales del 2012.<\/p>\n<p>Fady M., Lynn A.<\/p>\n","protected":false},"excerpt":{"rendered":"<p>Deraa, SANA El Emir de la organizaci\u00f3n terrorista del Frente al-Nousra en la Regi\u00f3n Sur de Siria, Iyad al-Toubasi, denominado como &#8220;Abu Yulaybib, el Jordano&#8221; muri\u00f3 en la explosi\u00f3n de una bomba en el campo oriental de la provincia de Deraa. Fuentes locales informaron que el &#8220;responsable de seguridad general y Emir de Damasco y &hellip;<\/p>\n","protected":false},"author":24,"featured_media":17052,"comment_status":"closed","ping_status":"closed","sticky":false,"template":"","format":"standard","meta":{"footnotes":""},"categories":[477,597,573,476,7541],"tags":[],"class_list":["post-34668","post","type-post","status-publish","format-standard","has-post-thumbnail","","category-noticias-edulcorantes","category-cinta-de-noticias","category-la-realidad-de-los-acontecimientos-en-siria","category-locales","category-ultimas-noticias"],"_links":{"self":[{"href":"https:\/\/archive.sana.sy\/es\/index.php?rest_route=\/wp\/v2\/posts\/34668"}],"collection":[{"href":"https:\/\/archive.sana.sy\/es\/index.php?rest_route=\/wp\/v2\/posts"}],"about":[{"href":"https:\/\/archive.sana.sy\/es\/index.php?rest_route=\/wp\/v2\/types\/post"}],"author":[{"embeddable":true,"href":"https:\/\/archive.sana.sy\/es\/index.php?rest_route=\/wp\/v2\/users\/24"}],"replies":[{"embeddable":true,"href":"https:\/\/archive.sana.sy\/es\/index.php?rest_route=%2Fwp%2Fv2%2Fcomments&post=34668"}],"version-history":[{"count":0,"href":"https:\/\/archive.sana.sy\/es\/index.php?rest_route=\/wp\/v2\/posts\/34668\/revisions"}],"wp:featuredmedia":[{"embeddable":true,"href":"https:\/\/archive.sana.sy\/es\/index.php?rest_route=\/wp\/v2\/media\/17052"}],"wp:attachment":[{"href":"https:\/\/archive.sana.sy\/es\/index.php?rest_route=%2Fwp%2Fv2%2Fmedia&parent=34668"}],"wp:term":[{"taxonomy":"category","embeddable":true,"href":"https:\/\/archive.sana.sy\/es\/index.php?rest_route=%2Fwp%2Fv2%2Fcategories&post=34668"},{"taxonomy":"post_tag","embeddable":true,"href":"https:\/\/archive.sana.sy\/es\/index.php?rest_route=%2Fwp%2Fv2%2Ftags&post=34668"}],"curies":[{"name":"wp","href":"https:\/\/api.w.org\/{rel}","templated":true}]}}