{"id":34670,"date":"2015-12-05T12:24:35","date_gmt":"2015-12-05T10:24:35","guid":{"rendered":"http:\/\/sana.sy\/es\/?p=34670"},"modified":"2015-12-05T17:12:30","modified_gmt":"2015-12-05T15:12:30","slug":"damasco-condena-bloqueo-de-la-transmision-del-canal-al-manar","status":"publish","type":"post","link":"https:\/\/archive.sana.sy\/es\/?p=34670","title":{"rendered":"Damasco condena bloqueo de la transmisi\u00f3n del canal al-Manar"},"content":{"rendered":"<p><span style=\"color: #800000\">Damasco, SANA<\/span><\/p>\n<p>El ministerio de Informaci\u00f3n conden\u00f3 en\u00e9rgicamente la decisi\u00f3n de la empresa \u201cArabsat\u201d de bloquear la transmisi\u00f3n del canal al-Manar en sus sat\u00e9lites.<\/p>\n<p>En un comunicado, el ministerio dijo que esa decisi\u00f3n forma parte del enfoque represivo de Arabia Saudita contra las instituciones medi\u00e1ticas y de pensamiento ilustrado y libre, y contra la cultura de la resistencia a la ocupaci\u00f3n israel\u00ed.<\/p>\n<p>El comunicado a\u00f1adi\u00f3 que &#8220;la actuaci\u00f3n de la compa\u00f1\u00eda \u201cArabsat\u201d y de los autores de esta infame decisi\u00f3n reafirma que lo impuesto sobre los canales nacionales sirios y, sobre Al-Manar y al-Mayadeen, es parte de la batalla de los retr\u00f3gradas con la civilizaci\u00f3n, es batalla del derrotismo con la resistencia y de la opresi\u00f3n con la libertad.&#8221;<\/p>\n<p>El ministerio consider\u00f3 en su comunicado que la decisi\u00f3n es vergonzosa y es nula jur\u00eddicamente.<\/p>\n<p>Por su parte, el ministro de Informaci\u00f3n, Omran al-Zoubi, dijo en una entrevista telef\u00f3nica con la televisi\u00f3n Al-Manar, que la decisi\u00f3n de la empresa &#8220;Arabsat&#8221; tiene car\u00e1cter pol\u00edtico y viola los contratos firmados con la administraci\u00f3n de la compa\u00f1\u00eda.<\/p>\n<p>&nbsp;<br \/>\nFady M., Lynn A.<\/p>\n","protected":false},"excerpt":{"rendered":"<p>Damasco, SANA El ministerio de Informaci\u00f3n conden\u00f3 en\u00e9rgicamente la decisi\u00f3n de la empresa \u201cArabsat\u201d de bloquear la transmisi\u00f3n del canal al-Manar en sus sat\u00e9lites. En un comunicado, el ministerio dijo que esa decisi\u00f3n forma parte del enfoque represivo de Arabia Saudita contra las instituciones medi\u00e1ticas y de pensamiento ilustrado y libre, y contra la cultura &hellip;<\/p>\n","protected":false},"author":24,"featured_media":34715,"comment_status":"closed","ping_status":"closed","sticky":false,"template":"","format":"standard","meta":{"footnotes":""},"categories":[477,476],"tags":[7539],"class_list":["post-34670","post","type-post","status-publish","format-standard","has-post-thumbnail","","category-noticias-edulcorantes","category-locales","tag-damasco-condena-bloqueo-de-la-transmision-del-canal-al-manar"],"_links":{"self":[{"href":"https:\/\/archive.sana.sy\/es\/index.php?rest_route=\/wp\/v2\/posts\/34670"}],"collection":[{"href":"https:\/\/archive.sana.sy\/es\/index.php?rest_route=\/wp\/v2\/posts"}],"about":[{"href":"https:\/\/archive.sana.sy\/es\/index.php?rest_route=\/wp\/v2\/types\/post"}],"author":[{"embeddable":true,"href":"https:\/\/archive.sana.sy\/es\/index.php?rest_route=\/wp\/v2\/users\/24"}],"replies":[{"embeddable":true,"href":"https:\/\/archive.sana.sy\/es\/index.php?rest_route=%2Fwp%2Fv2%2Fcomments&post=34670"}],"version-history":[{"count":0,"href":"https:\/\/archive.sana.sy\/es\/index.php?rest_route=\/wp\/v2\/posts\/34670\/revisions"}],"wp:featuredmedia":[{"embeddable":true,"href":"https:\/\/archive.sana.sy\/es\/index.php?rest_route=\/wp\/v2\/media\/34715"}],"wp:attachment":[{"href":"https:\/\/archive.sana.sy\/es\/index.php?rest_route=%2Fwp%2Fv2%2Fmedia&parent=34670"}],"wp:term":[{"taxonomy":"category","embeddable":true,"href":"https:\/\/archive.sana.sy\/es\/index.php?rest_route=%2Fwp%2Fv2%2Fcategories&post=34670"},{"taxonomy":"post_tag","embeddable":true,"href":"https:\/\/archive.sana.sy\/es\/index.php?rest_route=%2Fwp%2Fv2%2Ftags&post=34670"}],"curies":[{"name":"wp","href":"https:\/\/api.w.org\/{rel}","templated":true}]}}