{"id":34678,"date":"2015-12-05T10:28:37","date_gmt":"2015-12-05T08:28:37","guid":{"rendered":"http:\/\/sana.sy\/es\/?p=34678"},"modified":"2015-12-05T13:29:46","modified_gmt":"2015-12-05T11:29:46","slug":"irak-exige-retirada-inmediata-de-soldados-turcos-de-su-territorio","status":"publish","type":"post","link":"https:\/\/archive.sana.sy\/es\/?p=34678","title":{"rendered":"Irak exige retirada inmediata de soldados turcos de su territorio"},"content":{"rendered":"<p><span style=\"color: #800000\">Bagdad, SANA<\/span><\/p>\n<p>Irak calific\u00f3 de invasi\u00f3n la llegada de los soldados turcos a su territorio y exigi\u00f3 su retirada inmediata.<\/p>\n<p>Un comunicado emitido por el departamento de Prensa del primer ministro iraqu\u00ed, asegur\u00f3 que &#8220;las fuerzas armadas de Turqu\u00eda que se encuentran cerca de Mosul invadieron el pa\u00eds sin permiso y tienen que retirarse de inmediato&#8221;.<\/p>\n<p>Medios de comunicaci\u00f3n hab\u00edan informado que las autoridades turcas enviaron a 130 militares a la zona cercana a la ciudad de Mosul al norte de Irak.<\/p>\n<p>Fady M., Lynn A.<\/p>\n","protected":false},"excerpt":{"rendered":"<p>Bagdad, SANA Irak calific\u00f3 de invasi\u00f3n la llegada de los soldados turcos a su territorio y exigi\u00f3 su retirada inmediata. Un comunicado emitido por el departamento de Prensa del primer ministro iraqu\u00ed, asegur\u00f3 que &#8220;las fuerzas armadas de Turqu\u00eda que se encuentran cerca de Mosul invadieron el pa\u00eds sin permiso y tienen que retirarse de &hellip;<\/p>\n","protected":false},"author":24,"featured_media":14802,"comment_status":"closed","ping_status":"closed","sticky":false,"template":"","format":"standard","meta":{"footnotes":""},"categories":[456,457,576],"tags":[],"class_list":["post-34678","post","type-post","status-publish","format-standard","has-post-thumbnail","","category-arabe-internacional-politica","category-noticias-arabe-internacional-politica","category-noticias-politicas"],"_links":{"self":[{"href":"https:\/\/archive.sana.sy\/es\/index.php?rest_route=\/wp\/v2\/posts\/34678"}],"collection":[{"href":"https:\/\/archive.sana.sy\/es\/index.php?rest_route=\/wp\/v2\/posts"}],"about":[{"href":"https:\/\/archive.sana.sy\/es\/index.php?rest_route=\/wp\/v2\/types\/post"}],"author":[{"embeddable":true,"href":"https:\/\/archive.sana.sy\/es\/index.php?rest_route=\/wp\/v2\/users\/24"}],"replies":[{"embeddable":true,"href":"https:\/\/archive.sana.sy\/es\/index.php?rest_route=%2Fwp%2Fv2%2Fcomments&post=34678"}],"version-history":[{"count":0,"href":"https:\/\/archive.sana.sy\/es\/index.php?rest_route=\/wp\/v2\/posts\/34678\/revisions"}],"wp:featuredmedia":[{"embeddable":true,"href":"https:\/\/archive.sana.sy\/es\/index.php?rest_route=\/wp\/v2\/media\/14802"}],"wp:attachment":[{"href":"https:\/\/archive.sana.sy\/es\/index.php?rest_route=%2Fwp%2Fv2%2Fmedia&parent=34678"}],"wp:term":[{"taxonomy":"category","embeddable":true,"href":"https:\/\/archive.sana.sy\/es\/index.php?rest_route=%2Fwp%2Fv2%2Fcategories&post=34678"},{"taxonomy":"post_tag","embeddable":true,"href":"https:\/\/archive.sana.sy\/es\/index.php?rest_route=%2Fwp%2Fv2%2Ftags&post=34678"}],"curies":[{"name":"wp","href":"https:\/\/api.w.org\/{rel}","templated":true}]}}