{"id":346781,"date":"2025-02-10T12:57:20","date_gmt":"2025-02-10T09:57:20","guid":{"rendered":"https:\/\/sana.sy\/es\/?p=346781"},"modified":"2025-02-10T15:39:00","modified_gmt":"2025-02-10T12:39:00","slug":"118-empresas-naciones-participan-en-festival-de-compras-fotos","status":"publish","type":"post","link":"https:\/\/archive.sana.sy\/es\/?p=346781","title":{"rendered":"118 empresas nacionales participan en Festival de Compras (+ fotos)"},"content":{"rendered":"<p style=\"text-align: justify;\"><span style=\"color: #800000;\">Damasco, 10 feb (SANA)<\/span> El Festival de Compras \u201cAl-Khair\u201d arranc\u00f3 hoy en el barrio capitalino de Al-Zahira<\/p>\n<p style=\"text-align: justify;\">El evento est\u00e1 organizado por la Empresa \u201cInmar\u201d de Exposiciones y Conferencias, en cooperaci\u00f3n con el Ministerio de Comercio Interior y Protecci\u00f3n del Consumidor, y cuenta con la participaci\u00f3n de 118 empresas nacionales.<\/p>\n<p style=\"text-align: justify;\">Los participantes del festival ofrecen una variedad de productos y bienes necesarios para las familias, incluidos productos alimenticios, detergentes de todo tipo, electrodom\u00e9sticos, ropa, art\u00edculos de cuero, zapatos, accesorios y juguetes para ni\u00f1os.<\/p>\n<p style=\"text-align: justify;\">El festival es una oportunidad para mostrar una variedad de productos donde las familias pueden encontrar todo lo que necesitan, con descuentos que van desde un 20% hasta 30%,\u201d dijo el ministro de Comercio Interior y Protecci\u00f3n del Consumidor, Maher Al-Hassan.<\/p>\n<p style=\"text-align: justify;\">\u201cEstamos trabajando para brindar ofertas que en algunos casos alcanzan el precio de costo\u201d, dijo el organizador del festival, Fahd al-Hariri.<\/p>\n<p style=\"text-align: justify;\">ed\/fm<\/p>\n<div id='gallery-1' class='gallery galleryid-346781 gallery-columns-1 gallery-size-full'><figure class='gallery-item'>\n\t\t\t<div class='gallery-icon landscape'>\n\t\t\t\t<a href='https:\/\/archive.sana.sy\/es\/wp-content\/uploads\/2025\/02\/665.jpg'><img loading=\"lazy\" decoding=\"async\" width=\"660\" height=\"440\" src=\"https:\/\/archive.sana.sy\/es\/wp-content\/uploads\/2025\/02\/665.jpg\" class=\"attachment-full size-full\" alt=\"\" srcset=\"https:\/\/archive.sana.sy\/es\/wp-content\/uploads\/2025\/02\/665.jpg 660w, https:\/\/archive.sana.sy\/es\/wp-content\/uploads\/2025\/02\/665-300x200.jpg 300w, https:\/\/archive.sana.sy\/es\/wp-content\/uploads\/2025\/02\/665-150x100.jpg 150w\" sizes=\"(max-width: 660px) 100vw, 660px\" \/><\/a>\n\t\t\t<\/div><\/figure><figure class='gallery-item'>\n\t\t\t<div class='gallery-icon landscape'>\n\t\t\t\t<a href='https:\/\/archive.sana.sy\/es\/wp-content\/uploads\/2025\/02\/33-2.jpg'><img loading=\"lazy\" decoding=\"async\" width=\"660\" height=\"405\" src=\"https:\/\/archive.sana.sy\/es\/wp-content\/uploads\/2025\/02\/33-2.jpg\" class=\"attachment-full size-full\" alt=\"\" srcset=\"https:\/\/archive.sana.sy\/es\/wp-content\/uploads\/2025\/02\/33-2.jpg 660w, https:\/\/archive.sana.sy\/es\/wp-content\/uploads\/2025\/02\/33-2-300x184.jpg 300w, https:\/\/archive.sana.sy\/es\/wp-content\/uploads\/2025\/02\/33-2-150x92.jpg 150w\" sizes=\"(max-width: 660px) 100vw, 660px\" \/><\/a>\n\t\t\t<\/div><\/figure><figure class='gallery-item'>\n\t\t\t<div class='gallery-icon landscape'>\n\t\t\t\t<a href='https:\/\/archive.sana.sy\/es\/wp-content\/uploads\/2025\/02\/11-1.jpg'><img loading=\"lazy\" decoding=\"async\" width=\"660\" height=\"405\" src=\"https:\/\/archive.sana.sy\/es\/wp-content\/uploads\/2025\/02\/11-1.jpg\" class=\"attachment-full size-full\" alt=\"\" srcset=\"https:\/\/archive.sana.sy\/es\/wp-content\/uploads\/2025\/02\/11-1.jpg 660w, https:\/\/archive.sana.sy\/es\/wp-content\/uploads\/2025\/02\/11-1-300x184.jpg 300w, https:\/\/archive.sana.sy\/es\/wp-content\/uploads\/2025\/02\/11-1-150x92.jpg 150w\" sizes=\"(max-width: 660px) 100vw, 660px\" \/><\/a>\n\t\t\t<\/div><\/figure><figure class='gallery-item'>\n\t\t\t<div class='gallery-icon landscape'>\n\t\t\t\t<a href='https:\/\/archive.sana.sy\/es\/wp-content\/uploads\/2025\/02\/555.jpg'><img loading=\"lazy\" decoding=\"async\" width=\"660\" height=\"434\" src=\"https:\/\/archive.sana.sy\/es\/wp-content\/uploads\/2025\/02\/555.jpg\" class=\"attachment-full size-full\" alt=\"\" srcset=\"https:\/\/archive.sana.sy\/es\/wp-content\/uploads\/2025\/02\/555.jpg 660w, https:\/\/archive.sana.sy\/es\/wp-content\/uploads\/2025\/02\/555-300x197.jpg 300w, https:\/\/archive.sana.sy\/es\/wp-content\/uploads\/2025\/02\/555-150x99.jpg 150w, https:\/\/archive.sana.sy\/es\/wp-content\/uploads\/2025\/02\/555-310x205.jpg 310w\" sizes=\"(max-width: 660px) 100vw, 660px\" \/><\/a>\n\t\t\t<\/div><\/figure><figure class='gallery-item'>\n\t\t\t<div class='gallery-icon landscape'>\n\t\t\t\t<a href='https:\/\/archive.sana.sy\/es\/wp-content\/uploads\/2025\/02\/44-2.jpg'><img loading=\"lazy\" decoding=\"async\" width=\"660\" height=\"434\" src=\"https:\/\/archive.sana.sy\/es\/wp-content\/uploads\/2025\/02\/44-2.jpg\" class=\"attachment-full size-full\" alt=\"\" srcset=\"https:\/\/archive.sana.sy\/es\/wp-content\/uploads\/2025\/02\/44-2.jpg 660w, https:\/\/archive.sana.sy\/es\/wp-content\/uploads\/2025\/02\/44-2-300x197.jpg 300w, https:\/\/archive.sana.sy\/es\/wp-content\/uploads\/2025\/02\/44-2-150x99.jpg 150w, https:\/\/archive.sana.sy\/es\/wp-content\/uploads\/2025\/02\/44-2-310x205.jpg 310w\" sizes=\"(max-width: 660px) 100vw, 660px\" \/><\/a>\n\t\t\t<\/div><\/figure>\n\t\t<\/div>\n\n","protected":false},"excerpt":{"rendered":"<p>Damasco, 10 feb (SANA) El Festival de Compras \u201cAl-Khair\u201d arranc\u00f3 hoy en el barrio capitalino de Al-Zahira El evento est\u00e1 organizado por la Empresa \u201cInmar\u201d de Exposiciones y Conferencias, en cooperaci\u00f3n con el Ministerio de Comercio Interior y Protecci\u00f3n del Consumidor, y cuenta con la participaci\u00f3n de 118 empresas nacionales. Los participantes del festival ofrecen &hellip;<\/p>\n","protected":false},"author":32,"featured_media":346794,"comment_status":"closed","ping_status":"closed","sticky":false,"template":"","format":"standard","meta":{"footnotes":""},"categories":[477,620,597,510,16686,483,485,20724,476,7541],"tags":[],"class_list":["post-346781","post","type-post","status-publish","format-standard","has-post-thumbnail","","category-noticias-edulcorantes","category-boletin-economico","category-cinta-de-noticias","category-arte-y-cultura","category-economia","category-negocios-y-finanzas","category-informes-negocios-y-finanzas","category-minuto-a-minuto","category-locales","category-ultimas-noticias"],"_links":{"self":[{"href":"https:\/\/archive.sana.sy\/es\/index.php?rest_route=\/wp\/v2\/posts\/346781"}],"collection":[{"href":"https:\/\/archive.sana.sy\/es\/index.php?rest_route=\/wp\/v2\/posts"}],"about":[{"href":"https:\/\/archive.sana.sy\/es\/index.php?rest_route=\/wp\/v2\/types\/post"}],"author":[{"embeddable":true,"href":"https:\/\/archive.sana.sy\/es\/index.php?rest_route=\/wp\/v2\/users\/32"}],"replies":[{"embeddable":true,"href":"https:\/\/archive.sana.sy\/es\/index.php?rest_route=%2Fwp%2Fv2%2Fcomments&post=346781"}],"version-history":[{"count":3,"href":"https:\/\/archive.sana.sy\/es\/index.php?rest_route=\/wp\/v2\/posts\/346781\/revisions"}],"predecessor-version":[{"id":346802,"href":"https:\/\/archive.sana.sy\/es\/index.php?rest_route=\/wp\/v2\/posts\/346781\/revisions\/346802"}],"wp:featuredmedia":[{"embeddable":true,"href":"https:\/\/archive.sana.sy\/es\/index.php?rest_route=\/wp\/v2\/media\/346794"}],"wp:attachment":[{"href":"https:\/\/archive.sana.sy\/es\/index.php?rest_route=%2Fwp%2Fv2%2Fmedia&parent=346781"}],"wp:term":[{"taxonomy":"category","embeddable":true,"href":"https:\/\/archive.sana.sy\/es\/index.php?rest_route=%2Fwp%2Fv2%2Fcategories&post=346781"},{"taxonomy":"post_tag","embeddable":true,"href":"https:\/\/archive.sana.sy\/es\/index.php?rest_route=%2Fwp%2Fv2%2Ftags&post=346781"}],"curies":[{"name":"wp","href":"https:\/\/api.w.org\/{rel}","templated":true}]}}