{"id":34680,"date":"2015-12-05T13:32:16","date_gmt":"2015-12-05T11:32:16","guid":{"rendered":"http:\/\/sana.sy\/es\/?p=34680"},"modified":"2015-12-05T13:32:16","modified_gmt":"2015-12-05T11:32:16","slug":"departamento-de-estado-cree-que-los-camiones-con-petroleo-del-ei-se-dirigian-a-siria","status":"publish","type":"post","link":"https:\/\/archive.sana.sy\/es\/?p=34680","title":{"rendered":"Departamento de Estado cree que los camiones con petr\u00f3leo del EI se dirig\u00edan a Siria"},"content":{"rendered":"<p><span style=\"color: #800000\">Washington, SANA<\/span><\/p>\n<p>El alto cargo del Departamento de Estado de EEUU confirm\u00f3 que los camiones cisternas de petr\u00f3leo de la organizaci\u00f3n terrorista del Estado Isl\u00e1mico (EI), mostrados por el Ministerio ruso de Defensa, se dirig\u00edan a Siria en lugar de Turqu\u00eda.<\/p>\n<p>&#8220;Es una fila de camiones cisternas que recogen el petr\u00f3leo para distribuirlo por toda Siria despu\u00e9s&#8221;, declar\u00f3.<\/p>\n<p>El pol\u00edtico tambi\u00e9n afirm\u00f3 que no duda de la autenticidad de las fotograf\u00edas, aunque &#8220;en algunos casos no son nuevas&#8221;.<br \/>\n&#8220;No cabe duda que son filas de camiones formados antes de los puntos de colecci\u00f3n, por eso los atacamos&#8221;, subray\u00f3.<\/p>\n<p>Sin embargo, afirm\u00f3 que no hay pruebas de la ubicaci\u00f3n de los veh\u00edculos transportadores de petr\u00f3leo.<\/p>\n<p>&nbsp;<\/p>\n<p>&nbsp;<\/p>\n<p>Fady M., Lynn A.<\/p>\n","protected":false},"excerpt":{"rendered":"<p>Washington, SANA El alto cargo del Departamento de Estado de EEUU confirm\u00f3 que los camiones cisternas de petr\u00f3leo de la organizaci\u00f3n terrorista del Estado Isl\u00e1mico (EI), mostrados por el Ministerio ruso de Defensa, se dirig\u00edan a Siria en lugar de Turqu\u00eda. &#8220;Es una fila de camiones cisternas que recogen el petr\u00f3leo para distribuirlo por toda &hellip;<\/p>\n","protected":false},"author":24,"featured_media":16155,"comment_status":"closed","ping_status":"closed","sticky":false,"template":"","format":"standard","meta":{"footnotes":""},"categories":[456,457],"tags":[],"class_list":["post-34680","post","type-post","status-publish","format-standard","has-post-thumbnail","","category-arabe-internacional-politica","category-noticias-arabe-internacional-politica"],"_links":{"self":[{"href":"https:\/\/archive.sana.sy\/es\/index.php?rest_route=\/wp\/v2\/posts\/34680"}],"collection":[{"href":"https:\/\/archive.sana.sy\/es\/index.php?rest_route=\/wp\/v2\/posts"}],"about":[{"href":"https:\/\/archive.sana.sy\/es\/index.php?rest_route=\/wp\/v2\/types\/post"}],"author":[{"embeddable":true,"href":"https:\/\/archive.sana.sy\/es\/index.php?rest_route=\/wp\/v2\/users\/24"}],"replies":[{"embeddable":true,"href":"https:\/\/archive.sana.sy\/es\/index.php?rest_route=%2Fwp%2Fv2%2Fcomments&post=34680"}],"version-history":[{"count":0,"href":"https:\/\/archive.sana.sy\/es\/index.php?rest_route=\/wp\/v2\/posts\/34680\/revisions"}],"wp:featuredmedia":[{"embeddable":true,"href":"https:\/\/archive.sana.sy\/es\/index.php?rest_route=\/wp\/v2\/media\/16155"}],"wp:attachment":[{"href":"https:\/\/archive.sana.sy\/es\/index.php?rest_route=%2Fwp%2Fv2%2Fmedia&parent=34680"}],"wp:term":[{"taxonomy":"category","embeddable":true,"href":"https:\/\/archive.sana.sy\/es\/index.php?rest_route=%2Fwp%2Fv2%2Fcategories&post=34680"},{"taxonomy":"post_tag","embeddable":true,"href":"https:\/\/archive.sana.sy\/es\/index.php?rest_route=%2Fwp%2Fv2%2Ftags&post=34680"}],"curies":[{"name":"wp","href":"https:\/\/api.w.org\/{rel}","templated":true}]}}