{"id":346828,"date":"2025-02-11T14:06:21","date_gmt":"2025-02-11T11:06:21","guid":{"rendered":"https:\/\/sana.sy\/es\/?p=346828"},"modified":"2025-02-11T19:37:03","modified_gmt":"2025-02-11T16:37:03","slug":"cumbre-mundial-de-gobiernos-inicia-en-dubai-y-el-canciller-al-shaibani-representa-a-siria-en-la-misma","status":"publish","type":"post","link":"https:\/\/archive.sana.sy\/es\/?p=346828","title":{"rendered":"Cumbre Mundial de Gobiernos inicia en Dub\u00e1i y el canciller Al-Shaibani representa a Siria en la misma"},"content":{"rendered":"<p style=\"text-align: justify\"><span style=\"color: #800000\">Dub\u00e1i, 11 feb (SANA)<\/span> La Cumbre Mundial de Gobiernos 2025 inici\u00f3 hoy en Dub\u00e1i, Emiratos \u00c1rabes Unidos, bajo el lema \u201cpreviendo los gobiernos del futuro\u201d. El ministro de Asuntos Exteriores y Expatriados, Asaad Al-Shaibani, representa a Siria en el evento.<\/p>\n<p style=\"text-align: justify\">Asimismo, est\u00e1n presentes jefes de Estado y de gobierno, organizaciones internacionales y regionales, instituciones globales, adem\u00e1s de destacados pol\u00edticos, expertos y pol\u00edticos mundiales.<\/p>\n<p style=\"text-align: justify\">La cumbre continuar\u00e1 hasta el 14 de este mes y abordar\u00e1 las tendencias futuras m\u00e1s destacadas en el trabajo gubernamental y de sectores vitales, mediante actividades sobre \u201cgobiernos en la era de la inteligencia artificial\u201d, \u201cel futuro que prevemos\u201d y \u201cLa pr\u00f3xima revoluci\u00f3n econ\u00f3mica con una visi\u00f3n africana\u201d, adem\u00e1s de la eficiencia gubernamental.<\/p>\n<p style=\"text-align: justify\">En este marco, el canciller sirio, Asaad Al-Shaibani, se reuni\u00f3 con el Jeque Abdullah bin Zayed Al Nahyan, Ministro de Asuntos Exteriores de los Emiratos \u00c1rabes Unidos.<\/p>\n<p><img loading=\"lazy\" decoding=\"async\" class=\"wp-image-346912 size-large alignleft\" src=\"http:\/\/sana.sy\/es\/wp-content\/uploads\/2025\/02\/Canciller-sirio-con-su-par-emirati2-1024x558.jpg\" alt=\"\" width=\"618\" height=\"337\" srcset=\"https:\/\/archive.sana.sy\/es\/wp-content\/uploads\/2025\/02\/Canciller-sirio-con-su-par-emirati2-1024x558.jpg 1024w, https:\/\/archive.sana.sy\/es\/wp-content\/uploads\/2025\/02\/Canciller-sirio-con-su-par-emirati2-300x164.jpg 300w, https:\/\/archive.sana.sy\/es\/wp-content\/uploads\/2025\/02\/Canciller-sirio-con-su-par-emirati2-150x82.jpg 150w, https:\/\/archive.sana.sy\/es\/wp-content\/uploads\/2025\/02\/Canciller-sirio-con-su-par-emirati2-768x419.jpg 768w, https:\/\/archive.sana.sy\/es\/wp-content\/uploads\/2025\/02\/Canciller-sirio-con-su-par-emirati2.jpg 1280w\" sizes=\"(max-width: 618px) 100vw, 618px\" \/><\/p>\n<p style=\"text-align: justify\">En reuniones al margen de la Cumbre, el jefe de la diplomacia siria se reuni\u00f3 con Ousmane Dione, Vicepresidente del Banco Mundial para Oriente Medio y el Norte de \u00c1frica, Jihad Azour, Director del Departamento de Oriente Medio y Asia Menor del Fondo Monetario Internacional (IMF), Jelka Zivanovic, jefa de la Presidencia de Bosnia y Herzegovina, y John W. H. Denton, Secretario General de la C\u00e1mara de Comercio Internacional (ICC).<\/p>\n<p style=\"text-align: justify\">El Canciller sirio tambi\u00e9n mantuvo una reuni\u00f3n con el Ministro de Asuntos del Gabinete de los Emiratos \u00c1rabes Unidos, Mohammed Abdullah Al-Karkawi, en el marco del foro de la cumbre.<\/p>\n<p style=\"text-align: justify\">Al margen del evento internacional, Al-Shaibani se encontr\u00f3 con la comunidad siria y con empresarios sirios en el pa\u00eds del Golfo.<\/p>\n<p style=\"text-align: justify\"><span style=\"color: #0000ff\">Reuni\u00f3n del Canciller Al-Shaibani con Ousmane Dione, Vicepresidente del Banco Mundial para Oriente Medio y el Norte de \u00c1frica<\/span><\/p>\n<p style=\"text-align: justify\"><img loading=\"lazy\" decoding=\"async\" class=\"size-full wp-image-346830 aligncenter\" src=\"http:\/\/sana.sy\/es\/wp-content\/uploads\/2025\/02\/44-3.jpg\" alt=\"\" width=\"660\" height=\"371\" srcset=\"https:\/\/archive.sana.sy\/es\/wp-content\/uploads\/2025\/02\/44-3.jpg 660w, https:\/\/archive.sana.sy\/es\/wp-content\/uploads\/2025\/02\/44-3-300x169.jpg 300w, https:\/\/archive.sana.sy\/es\/wp-content\/uploads\/2025\/02\/44-3-150x84.jpg 150w\" sizes=\"(max-width: 660px) 100vw, 660px\" \/><\/p>\n<p style=\"text-align: justify\"><span style=\"color: #0000ff\">Reuni\u00f3n del Canciller Al-Shaibani con Jihad Azour, Director del Departamento de Oriente Medio y Asia Menor del Fondo Monetario Internacional (IMF)<\/span><\/p>\n<div id='gallery-1' class='gallery galleryid-346828 gallery-columns-1 gallery-size-full'><figure class='gallery-item'>\n\t\t\t<div class='gallery-icon landscape'>\n\t\t\t\t<a href='https:\/\/archive.sana.sy\/es\/wp-content\/uploads\/2025\/02\/8-3.jpg'><img loading=\"lazy\" decoding=\"async\" width=\"660\" height=\"370\" src=\"https:\/\/archive.sana.sy\/es\/wp-content\/uploads\/2025\/02\/8-3.jpg\" class=\"attachment-full size-full\" alt=\"\" srcset=\"https:\/\/archive.sana.sy\/es\/wp-content\/uploads\/2025\/02\/8-3.jpg 660w, https:\/\/archive.sana.sy\/es\/wp-content\/uploads\/2025\/02\/8-3-300x168.jpg 300w, https:\/\/archive.sana.sy\/es\/wp-content\/uploads\/2025\/02\/8-3-150x84.jpg 150w\" sizes=\"(max-width: 660px) 100vw, 660px\" \/><\/a>\n\t\t\t<\/div><\/figure>\n\t\t<\/div>\n\n<p style=\"text-align: justify\"><span style=\"color: #0000ff\">Reuni\u00f3n del Canciller Al-Shaibani con Jelka Zivanovic, jefa de la Presidencia de Bosnia y Herzegovina<\/span><\/p>\n<p style=\"text-align: justify\"><img loading=\"lazy\" decoding=\"async\" class=\"wp-image-346866 size-large aligncenter\" src=\"http:\/\/sana.sy\/es\/wp-content\/uploads\/2025\/02\/Shaibani-Jelka-1024x575.jpg\" alt=\"\" width=\"618\" height=\"347\" srcset=\"https:\/\/archive.sana.sy\/es\/wp-content\/uploads\/2025\/02\/Shaibani-Jelka-1024x575.jpg 1024w, https:\/\/archive.sana.sy\/es\/wp-content\/uploads\/2025\/02\/Shaibani-Jelka-300x169.jpg 300w, https:\/\/archive.sana.sy\/es\/wp-content\/uploads\/2025\/02\/Shaibani-Jelka-150x84.jpg 150w, https:\/\/archive.sana.sy\/es\/wp-content\/uploads\/2025\/02\/Shaibani-Jelka-768x431.jpg 768w, https:\/\/archive.sana.sy\/es\/wp-content\/uploads\/2025\/02\/Shaibani-Jelka.jpg 1280w\" sizes=\"(max-width: 618px) 100vw, 618px\" \/><\/p>\n<p style=\"text-align: justify\"><span style=\"color: #0000ff\">Reuni\u00f3n del Canciller Al-Shaibani con John W. H. Denton, Secretario General de la C\u00e1mara de Comercio Internacional (ICC)<\/span><\/p>\n<p style=\"text-align: justify\"><img loading=\"lazy\" decoding=\"async\" class=\"size-large wp-image-346867 aligncenter\" src=\"http:\/\/sana.sy\/es\/wp-content\/uploads\/2025\/02\/Shaibani-John-Denton-1024x574.jpg\" alt=\"\" width=\"618\" height=\"346\" srcset=\"https:\/\/archive.sana.sy\/es\/wp-content\/uploads\/2025\/02\/Shaibani-John-Denton-1024x574.jpg 1024w, https:\/\/archive.sana.sy\/es\/wp-content\/uploads\/2025\/02\/Shaibani-John-Denton-300x168.jpg 300w, https:\/\/archive.sana.sy\/es\/wp-content\/uploads\/2025\/02\/Shaibani-John-Denton-150x84.jpg 150w, https:\/\/archive.sana.sy\/es\/wp-content\/uploads\/2025\/02\/Shaibani-John-Denton-768x431.jpg 768w, https:\/\/archive.sana.sy\/es\/wp-content\/uploads\/2025\/02\/Shaibani-John-Denton.jpg 1280w\" sizes=\"(max-width: 618px) 100vw, 618px\" \/><\/p>\n<p style=\"text-align: justify\"><span style=\"color: #0000ff\">El Canciller Al-Shaibani con el ministro para Asuntos del Gabinete de los Emiratos \u00c1rabes Unidos, Mohammed Abdullah Al-Karkawi<\/span><\/p>\n<p style=\"text-align: justify\"><img loading=\"lazy\" decoding=\"async\" class=\"size-large wp-image-346868 aligncenter\" src=\"http:\/\/sana.sy\/es\/wp-content\/uploads\/2025\/02\/333-1024x575.jpg\" alt=\"\" width=\"618\" height=\"347\" srcset=\"https:\/\/archive.sana.sy\/es\/wp-content\/uploads\/2025\/02\/333-1024x575.jpg 1024w, https:\/\/archive.sana.sy\/es\/wp-content\/uploads\/2025\/02\/333-300x169.jpg 300w, https:\/\/archive.sana.sy\/es\/wp-content\/uploads\/2025\/02\/333-150x84.jpg 150w, https:\/\/archive.sana.sy\/es\/wp-content\/uploads\/2025\/02\/333-768x431.jpg 768w, https:\/\/archive.sana.sy\/es\/wp-content\/uploads\/2025\/02\/333.jpg 1280w\" sizes=\"(max-width: 618px) 100vw, 618px\" \/><\/p>\n<p style=\"text-align: justify\"><span style=\"color: #0000ff\">Durante la reuni\u00f3n del Canciller Al-Shaibani con la comunidad siria y con empresarios sirios en EAU<\/span><\/p>\n<p style=\"text-align: justify\"><img loading=\"lazy\" decoding=\"async\" class=\"size-large wp-image-346869 aligncenter\" src=\"http:\/\/sana.sy\/es\/wp-content\/uploads\/2025\/02\/88-1024x574.jpg\" alt=\"\" width=\"618\" height=\"346\" srcset=\"https:\/\/archive.sana.sy\/es\/wp-content\/uploads\/2025\/02\/88-1024x574.jpg 1024w, https:\/\/archive.sana.sy\/es\/wp-content\/uploads\/2025\/02\/88-300x168.jpg 300w, https:\/\/archive.sana.sy\/es\/wp-content\/uploads\/2025\/02\/88-150x84.jpg 150w, https:\/\/archive.sana.sy\/es\/wp-content\/uploads\/2025\/02\/88-768x431.jpg 768w, https:\/\/archive.sana.sy\/es\/wp-content\/uploads\/2025\/02\/88.jpg 1280w\" sizes=\"(max-width: 618px) 100vw, 618px\" \/><\/p>\n<p style=\"text-align: justify\">\n","protected":false},"excerpt":{"rendered":"<p>Dub\u00e1i, 11 feb (SANA) La Cumbre Mundial de Gobiernos 2025 inici\u00f3 hoy en Dub\u00e1i, Emiratos \u00c1rabes Unidos, bajo el lema \u201cpreviendo los gobiernos del futuro\u201d. El ministro de Asuntos Exteriores y Expatriados, Asaad Al-Shaibani, representa a Siria en el evento. Asimismo, est\u00e1n presentes jefes de Estado y de gobierno, organizaciones internacionales y regionales, instituciones globales, &hellip;<\/p>\n","protected":false},"author":32,"featured_media":346825,"comment_status":"closed","ping_status":"closed","sticky":false,"template":"","format":"standard","meta":{"footnotes":""},"categories":[597,20724,467,583],"tags":[],"class_list":["post-346828","post","type-post","status-publish","format-standard","has-post-thumbnail","","category-cinta-de-noticias","category-minuto-a-minuto","category-siria-y-el-mundo","category-slide"],"_links":{"self":[{"href":"https:\/\/archive.sana.sy\/es\/index.php?rest_route=\/wp\/v2\/posts\/346828"}],"collection":[{"href":"https:\/\/archive.sana.sy\/es\/index.php?rest_route=\/wp\/v2\/posts"}],"about":[{"href":"https:\/\/archive.sana.sy\/es\/index.php?rest_route=\/wp\/v2\/types\/post"}],"author":[{"embeddable":true,"href":"https:\/\/archive.sana.sy\/es\/index.php?rest_route=\/wp\/v2\/users\/32"}],"replies":[{"embeddable":true,"href":"https:\/\/archive.sana.sy\/es\/index.php?rest_route=%2Fwp%2Fv2%2Fcomments&post=346828"}],"version-history":[{"count":7,"href":"https:\/\/archive.sana.sy\/es\/index.php?rest_route=\/wp\/v2\/posts\/346828\/revisions"}],"predecessor-version":[{"id":346913,"href":"https:\/\/archive.sana.sy\/es\/index.php?rest_route=\/wp\/v2\/posts\/346828\/revisions\/346913"}],"wp:featuredmedia":[{"embeddable":true,"href":"https:\/\/archive.sana.sy\/es\/index.php?rest_route=\/wp\/v2\/media\/346825"}],"wp:attachment":[{"href":"https:\/\/archive.sana.sy\/es\/index.php?rest_route=%2Fwp%2Fv2%2Fmedia&parent=346828"}],"wp:term":[{"taxonomy":"category","embeddable":true,"href":"https:\/\/archive.sana.sy\/es\/index.php?rest_route=%2Fwp%2Fv2%2Fcategories&post=346828"},{"taxonomy":"post_tag","embeddable":true,"href":"https:\/\/archive.sana.sy\/es\/index.php?rest_route=%2Fwp%2Fv2%2Ftags&post=346828"}],"curies":[{"name":"wp","href":"https:\/\/api.w.org\/{rel}","templated":true}]}}