{"id":346832,"date":"2025-02-11T14:11:14","date_gmt":"2025-02-11T11:11:14","guid":{"rendered":"https:\/\/sana.sy\/es\/?p=346832"},"modified":"2025-02-11T14:11:14","modified_gmt":"2025-02-11T11:11:14","slug":"ciudadela-de-saladino-se-sometera-a-restauracion","status":"publish","type":"post","link":"https:\/\/archive.sana.sy\/es\/?p=346832","title":{"rendered":"Ciudadela de Saladino se someter\u00e1 a restauraci\u00f3n"},"content":{"rendered":"<p style=\"text-align: justify;\"><span style=\"color: #800000;\">Latakia, 11 feb (SANA)<\/span> El gobernador de la provincia siria de Latakia, Mohammed Othman, visit\u00f3 la Ciudadela de Saladino e inspeccion\u00f3 las partes internas da\u00f1adas por el terremoto de 2023 y orden\u00f3 a los equipos especializados restaurarla.<\/p>\n<p style=\"text-align: justify;\">Esta fortaleza est\u00e1 inscrita conjuntamente con el Crac de los Caballeros desde el a\u00f1o 2006 en el Patrimonio de la Humanidad de la Unesco.<\/p>\n<p style=\"text-align: justify;\">Su arquitectura constituye un ejemplo sumamente significativo del intercambio de influencias culturales y de la evoluci\u00f3n de la arquitectura militar en el Cercano Oriente en tiempos de las Cruzadas (siglos XI al XIII).<\/p>\n<p style=\"text-align: justify;\">El Castillo de Saladino muestra los elementos bizantinos primigenios del siglo X, las transformaciones efectuadas por los francos a finales del siglo XII y las fortificaciones a\u00f1adidas por la dinast\u00eda de los ayubidas (finales del siglo XII a mediados del XIII).<\/p>\n<p style=\"text-align: justify;\">fm\/ed<\/p>\n<div id='gallery-1' class='gallery galleryid-346832 gallery-columns-1 gallery-size-full'><figure class='gallery-item'>\n\t\t\t<div class='gallery-icon landscape'>\n\t\t\t\t<a href='https:\/\/archive.sana.sy\/es\/wp-content\/uploads\/2025\/02\/1235.jpg'><img loading=\"lazy\" decoding=\"async\" width=\"660\" height=\"440\" src=\"https:\/\/archive.sana.sy\/es\/wp-content\/uploads\/2025\/02\/1235.jpg\" class=\"attachment-full size-full\" alt=\"\" srcset=\"https:\/\/archive.sana.sy\/es\/wp-content\/uploads\/2025\/02\/1235.jpg 660w, https:\/\/archive.sana.sy\/es\/wp-content\/uploads\/2025\/02\/1235-300x200.jpg 300w, https:\/\/archive.sana.sy\/es\/wp-content\/uploads\/2025\/02\/1235-150x100.jpg 150w\" sizes=\"(max-width: 660px) 100vw, 660px\" \/><\/a>\n\t\t\t<\/div><\/figure><figure class='gallery-item'>\n\t\t\t<div class='gallery-icon landscape'>\n\t\t\t\t<a href='https:\/\/archive.sana.sy\/es\/wp-content\/uploads\/2025\/02\/12.jpg'><img loading=\"lazy\" decoding=\"async\" width=\"660\" height=\"495\" src=\"https:\/\/archive.sana.sy\/es\/wp-content\/uploads\/2025\/02\/12.jpg\" class=\"attachment-full size-full\" alt=\"\" srcset=\"https:\/\/archive.sana.sy\/es\/wp-content\/uploads\/2025\/02\/12.jpg 660w, https:\/\/archive.sana.sy\/es\/wp-content\/uploads\/2025\/02\/12-300x225.jpg 300w, https:\/\/archive.sana.sy\/es\/wp-content\/uploads\/2025\/02\/12-150x113.jpg 150w\" sizes=\"(max-width: 660px) 100vw, 660px\" \/><\/a>\n\t\t\t<\/div><\/figure><figure class='gallery-item'>\n\t\t\t<div class='gallery-icon landscape'>\n\t\t\t\t<a href='https:\/\/archive.sana.sy\/es\/wp-content\/uploads\/2025\/02\/mmm.jpg'><img loading=\"lazy\" decoding=\"async\" width=\"660\" height=\"330\" src=\"https:\/\/archive.sana.sy\/es\/wp-content\/uploads\/2025\/02\/mmm.jpg\" class=\"attachment-full size-full\" alt=\"\" srcset=\"https:\/\/archive.sana.sy\/es\/wp-content\/uploads\/2025\/02\/mmm.jpg 660w, https:\/\/archive.sana.sy\/es\/wp-content\/uploads\/2025\/02\/mmm-300x150.jpg 300w, https:\/\/archive.sana.sy\/es\/wp-content\/uploads\/2025\/02\/mmm-150x75.jpg 150w\" sizes=\"(max-width: 660px) 100vw, 660px\" \/><\/a>\n\t\t\t<\/div><\/figure>\n\t\t<\/div>\n\n","protected":false},"excerpt":{"rendered":"<p>Latakia, 11 feb (SANA) El gobernador de la provincia siria de Latakia, Mohammed Othman, visit\u00f3 la Ciudadela de Saladino e inspeccion\u00f3 las partes internas da\u00f1adas por el terremoto de 2023 y orden\u00f3 a los equipos especializados restaurarla. Esta fortaleza est\u00e1 inscrita conjuntamente con el Crac de los Caballeros desde el a\u00f1o 2006 en el Patrimonio &hellip;<\/p>\n","protected":false},"author":32,"featured_media":346836,"comment_status":"closed","ping_status":"closed","sticky":false,"template":"","format":"standard","meta":{"footnotes":""},"categories":[597,476,7541],"tags":[],"class_list":["post-346832","post","type-post","status-publish","format-standard","has-post-thumbnail","","category-cinta-de-noticias","category-locales","category-ultimas-noticias"],"_links":{"self":[{"href":"https:\/\/archive.sana.sy\/es\/index.php?rest_route=\/wp\/v2\/posts\/346832"}],"collection":[{"href":"https:\/\/archive.sana.sy\/es\/index.php?rest_route=\/wp\/v2\/posts"}],"about":[{"href":"https:\/\/archive.sana.sy\/es\/index.php?rest_route=\/wp\/v2\/types\/post"}],"author":[{"embeddable":true,"href":"https:\/\/archive.sana.sy\/es\/index.php?rest_route=\/wp\/v2\/users\/32"}],"replies":[{"embeddable":true,"href":"https:\/\/archive.sana.sy\/es\/index.php?rest_route=%2Fwp%2Fv2%2Fcomments&post=346832"}],"version-history":[{"count":1,"href":"https:\/\/archive.sana.sy\/es\/index.php?rest_route=\/wp\/v2\/posts\/346832\/revisions"}],"predecessor-version":[{"id":346837,"href":"https:\/\/archive.sana.sy\/es\/index.php?rest_route=\/wp\/v2\/posts\/346832\/revisions\/346837"}],"wp:featuredmedia":[{"embeddable":true,"href":"https:\/\/archive.sana.sy\/es\/index.php?rest_route=\/wp\/v2\/media\/346836"}],"wp:attachment":[{"href":"https:\/\/archive.sana.sy\/es\/index.php?rest_route=%2Fwp%2Fv2%2Fmedia&parent=346832"}],"wp:term":[{"taxonomy":"category","embeddable":true,"href":"https:\/\/archive.sana.sy\/es\/index.php?rest_route=%2Fwp%2Fv2%2Fcategories&post=346832"},{"taxonomy":"post_tag","embeddable":true,"href":"https:\/\/archive.sana.sy\/es\/index.php?rest_route=%2Fwp%2Fv2%2Ftags&post=346832"}],"curies":[{"name":"wp","href":"https:\/\/api.w.org\/{rel}","templated":true}]}}