{"id":346838,"date":"2025-02-11T14:16:17","date_gmt":"2025-02-11T11:16:17","guid":{"rendered":"https:\/\/sana.sy\/es\/?p=346838"},"modified":"2025-02-11T16:29:27","modified_gmt":"2025-02-11T13:29:27","slug":"conocer-el-destino-de-las-personas-desaparecidas-es-el-primer-paso-hacia-una-paz-duradera-en-siria-afirma-la-onu","status":"publish","type":"post","link":"https:\/\/archive.sana.sy\/es\/?p=346838","title":{"rendered":"Conocer el destino de las personas desaparecidas es el primer paso hacia una paz duradera en Siria, afirma la ONU"},"content":{"rendered":"<p style=\"text-align: justify\"><span style=\"color: #800000\"><strong>Ginebra, 11 feb (SANA)\u00a0<\/strong><\/span> \u00a0La responsable de la Instituci\u00f3n Independiente de Personas Desaparecidas en Siria, Karla Quintana, consider\u00f3 hoy que conocer el destino de los desaparecidos durante el gobierno del r\u00e9gimen anterior es el primer paso para lograr una paz duradera en el pa\u00eds.<\/p>\n<p style=\"text-align: justify\">Tras concluir su primera visita a Siria, Quintana subray\u00f3 que &#8220;es esencial comprender la magnitud de la tragedia despu\u00e9s de m\u00e1s de 50 a\u00f1os de gobierno del r\u00e9gimen, incluidos 14 a\u00f1os de guerra, ambos marcados por graves abusos de los derechos humanos. Saber qui\u00e9nes son los desaparecidos en este contexto debe ser el primer paso hacia la verdad y una paz duradera&#8221;.<\/p>\n<p style=\"text-align: justify\">\u201cLa nueva realidad en Siria est\u00e1 empezando a presentar oportunidades para saber el destino de decenas de miles de personas desaparecidas que antes era inimaginable\u201d, dijo Quintana.<\/p>\n<p style=\"text-align: justify\">La responsable expres\u00f3 su satisfacci\u00f3n por la cooperaci\u00f3n mostrada por las instituciones del gobierno sirio y su apertura para discutir la necesidad de coordinar esfuerzos para esclarecer el destino de las personas desaparecidas.<\/p>\n<p style=\"text-align: justify\">ed\/fm<\/p>\n","protected":false},"excerpt":{"rendered":"<p>Ginebra, 11 feb (SANA)\u00a0 \u00a0La responsable de la Instituci\u00f3n Independiente de Personas Desaparecidas en Siria, Karla Quintana, consider\u00f3 hoy que conocer el destino de los desaparecidos durante el gobierno del r\u00e9gimen anterior es el primer paso para lograr una paz duradera en el pa\u00eds. Tras concluir su primera visita a Siria, Quintana subray\u00f3 que &#8220;es &hellip;<\/p>\n","protected":false},"author":32,"featured_media":346839,"comment_status":"closed","ping_status":"closed","sticky":false,"template":"","format":"standard","meta":{"footnotes":""},"categories":[597,20724,467,7541],"tags":[],"class_list":["post-346838","post","type-post","status-publish","format-standard","has-post-thumbnail","","category-cinta-de-noticias","category-minuto-a-minuto","category-siria-y-el-mundo","category-ultimas-noticias"],"_links":{"self":[{"href":"https:\/\/archive.sana.sy\/es\/index.php?rest_route=\/wp\/v2\/posts\/346838"}],"collection":[{"href":"https:\/\/archive.sana.sy\/es\/index.php?rest_route=\/wp\/v2\/posts"}],"about":[{"href":"https:\/\/archive.sana.sy\/es\/index.php?rest_route=\/wp\/v2\/types\/post"}],"author":[{"embeddable":true,"href":"https:\/\/archive.sana.sy\/es\/index.php?rest_route=\/wp\/v2\/users\/32"}],"replies":[{"embeddable":true,"href":"https:\/\/archive.sana.sy\/es\/index.php?rest_route=%2Fwp%2Fv2%2Fcomments&post=346838"}],"version-history":[{"count":2,"href":"https:\/\/archive.sana.sy\/es\/index.php?rest_route=\/wp\/v2\/posts\/346838\/revisions"}],"predecessor-version":[{"id":346854,"href":"https:\/\/archive.sana.sy\/es\/index.php?rest_route=\/wp\/v2\/posts\/346838\/revisions\/346854"}],"wp:featuredmedia":[{"embeddable":true,"href":"https:\/\/archive.sana.sy\/es\/index.php?rest_route=\/wp\/v2\/media\/346839"}],"wp:attachment":[{"href":"https:\/\/archive.sana.sy\/es\/index.php?rest_route=%2Fwp%2Fv2%2Fmedia&parent=346838"}],"wp:term":[{"taxonomy":"category","embeddable":true,"href":"https:\/\/archive.sana.sy\/es\/index.php?rest_route=%2Fwp%2Fv2%2Fcategories&post=346838"},{"taxonomy":"post_tag","embeddable":true,"href":"https:\/\/archive.sana.sy\/es\/index.php?rest_route=%2Fwp%2Fv2%2Ftags&post=346838"}],"curies":[{"name":"wp","href":"https:\/\/api.w.org\/{rel}","templated":true}]}}