{"id":346858,"date":"2025-02-11T16:53:22","date_gmt":"2025-02-11T13:53:22","guid":{"rendered":"https:\/\/sana.sy\/es\/?p=346858"},"modified":"2025-02-11T16:56:50","modified_gmt":"2025-02-11T13:56:50","slug":"gobernador-de-damasco-valora-esfuerzos-humanitarios-de-la-mision-de-medicos-saudies","status":"publish","type":"post","link":"https:\/\/archive.sana.sy\/es\/?p=346858","title":{"rendered":"Gobernador de Damasco valora esfuerzos humanitarios de la misi\u00f3n de m\u00e9dicos saud\u00edes del Centro Rey Salman"},"content":{"rendered":"<p style=\"text-align: justify\"><span style=\"color: #800000\"><strong>Damasco, 11 feb (SANA)<\/strong><\/span> El gobernador de Damasco, Maher Mohammed Marwan, examin\u00f3 con el jefe de la misi\u00f3n m\u00e9dica saud\u00ed del Centro del Rey Salman para el Socorro y la Ayuda Humanitaria, Dr. Ali bin Saad Al-Qarni, las v\u00edas de apoyar el programa de voluntariado \u201cAmal\u201d que arranc\u00f3 la delegaci\u00f3n saud\u00ed en Siria hace una semana.\u200f<\/p>\n<p style=\"text-align: justify\">Marwan elogi\u00f3 los esfuerzos desempe\u00f1ados por el Centro del Rey Salman y sus proyectos humanitarios en el pa\u00eds, y expres\u00f3 la plena disposici\u00f3n de Damasco para proporcionar todo lo necesario para garantizar el \u00e9xito de este trabajo humanitario.<\/p>\n<p style=\"text-align: justify\">A su vez, el Dr. Al-Qarni destac\u00f3 la importancia de ampliar la cooperaci\u00f3n bilateral y evaluar las necesidades para garantizar que se logren los objetivos fijados en el programa. \u200f<\/p>\n","protected":false},"excerpt":{"rendered":"<p>Damasco, 11 feb (SANA) El gobernador de Damasco, Maher Mohammed Marwan, examin\u00f3 con el jefe de la misi\u00f3n m\u00e9dica saud\u00ed del Centro del Rey Salman para el Socorro y la Ayuda Humanitaria, Dr. Ali bin Saad Al-Qarni, las v\u00edas de apoyar el programa de voluntariado \u201cAmal\u201d que arranc\u00f3 la delegaci\u00f3n saud\u00ed en Siria hace una &hellip;<\/p>\n","protected":false},"author":24,"featured_media":346859,"comment_status":"closed","ping_status":"closed","sticky":false,"template":"","format":"standard","meta":{"footnotes":""},"categories":[597,476,467,7541],"tags":[],"class_list":["post-346858","post","type-post","status-publish","format-standard","has-post-thumbnail","","category-cinta-de-noticias","category-locales","category-siria-y-el-mundo","category-ultimas-noticias"],"_links":{"self":[{"href":"https:\/\/archive.sana.sy\/es\/index.php?rest_route=\/wp\/v2\/posts\/346858"}],"collection":[{"href":"https:\/\/archive.sana.sy\/es\/index.php?rest_route=\/wp\/v2\/posts"}],"about":[{"href":"https:\/\/archive.sana.sy\/es\/index.php?rest_route=\/wp\/v2\/types\/post"}],"author":[{"embeddable":true,"href":"https:\/\/archive.sana.sy\/es\/index.php?rest_route=\/wp\/v2\/users\/24"}],"replies":[{"embeddable":true,"href":"https:\/\/archive.sana.sy\/es\/index.php?rest_route=%2Fwp%2Fv2%2Fcomments&post=346858"}],"version-history":[{"count":4,"href":"https:\/\/archive.sana.sy\/es\/index.php?rest_route=\/wp\/v2\/posts\/346858\/revisions"}],"predecessor-version":[{"id":346863,"href":"https:\/\/archive.sana.sy\/es\/index.php?rest_route=\/wp\/v2\/posts\/346858\/revisions\/346863"}],"wp:featuredmedia":[{"embeddable":true,"href":"https:\/\/archive.sana.sy\/es\/index.php?rest_route=\/wp\/v2\/media\/346859"}],"wp:attachment":[{"href":"https:\/\/archive.sana.sy\/es\/index.php?rest_route=%2Fwp%2Fv2%2Fmedia&parent=346858"}],"wp:term":[{"taxonomy":"category","embeddable":true,"href":"https:\/\/archive.sana.sy\/es\/index.php?rest_route=%2Fwp%2Fv2%2Fcategories&post=346858"},{"taxonomy":"post_tag","embeddable":true,"href":"https:\/\/archive.sana.sy\/es\/index.php?rest_route=%2Fwp%2Fv2%2Ftags&post=346858"}],"curies":[{"name":"wp","href":"https:\/\/api.w.org\/{rel}","templated":true}]}}