{"id":34686,"date":"2015-12-05T11:37:24","date_gmt":"2015-12-05T09:37:24","guid":{"rendered":"http:\/\/sana.sy\/es\/?p=34686"},"modified":"2015-12-05T13:38:14","modified_gmt":"2015-12-05T11:38:14","slug":"berlin-persiste-en-no-planea-colaborar-con-moscu-y-damasco-en-la-lucha-contra-el-ei-en-siria","status":"publish","type":"post","link":"https:\/\/archive.sana.sy\/es\/?p=34686","title":{"rendered":"Berl\u00edn persiste en no planea colaborar con Mosc\u00fa y Damasco en la lucha contra el EI en Siria"},"content":{"rendered":"<p><span style=\"color: #800000\">Berl\u00edn, SANA<\/span><\/p>\n<p>El jefe de la Canciller\u00eda Federal alemana, Peter Altmaier, declar\u00f3 este s\u00e1bado que su pa\u00eds no se propone colaborar con Rusia en el \u00e1mbito militar para la lucha contra la organizaci\u00f3n terrorista del Estado Isl\u00e1mico (EI).<\/p>\n<p>En una entrevista a la revista &#8220;Spiegel, Altmaier dijo que Alemania y la UE tampoco colaborar\u00e1n con el presidente de Siria o el Ej\u00e9rcito sirio.<\/p>\n<p>Anteriormente, la ministra alemana de Defensa, Ursula von der Leyen, afirm\u00f3 que Alemania no ofrecer\u00e1 a Rusia informaci\u00f3n sobre los vuelos que realizan sus aviones militares en Siria.<\/p>\n<p>El Parlamento alem\u00e1n aprob\u00f3 el viernes la misi\u00f3n militar del Ministerio de Defensa que combatir\u00e1 al EI.<br \/>\nFady M., Lynn A.<\/p>\n","protected":false},"excerpt":{"rendered":"<p>Berl\u00edn, SANA El jefe de la Canciller\u00eda Federal alemana, Peter Altmaier, declar\u00f3 este s\u00e1bado que su pa\u00eds no se propone colaborar con Rusia en el \u00e1mbito militar para la lucha contra la organizaci\u00f3n terrorista del Estado Isl\u00e1mico (EI). En una entrevista a la revista &#8220;Spiegel, Altmaier dijo que Alemania y la UE tampoco colaborar\u00e1n con &hellip;<\/p>\n","protected":false},"author":24,"featured_media":0,"comment_status":"closed","ping_status":"closed","sticky":false,"template":"","format":"standard","meta":{"footnotes":""},"categories":[456,457],"tags":[],"class_list":["post-34686","post","type-post","status-publish","format-standard","","category-arabe-internacional-politica","category-noticias-arabe-internacional-politica"],"_links":{"self":[{"href":"https:\/\/archive.sana.sy\/es\/index.php?rest_route=\/wp\/v2\/posts\/34686"}],"collection":[{"href":"https:\/\/archive.sana.sy\/es\/index.php?rest_route=\/wp\/v2\/posts"}],"about":[{"href":"https:\/\/archive.sana.sy\/es\/index.php?rest_route=\/wp\/v2\/types\/post"}],"author":[{"embeddable":true,"href":"https:\/\/archive.sana.sy\/es\/index.php?rest_route=\/wp\/v2\/users\/24"}],"replies":[{"embeddable":true,"href":"https:\/\/archive.sana.sy\/es\/index.php?rest_route=%2Fwp%2Fv2%2Fcomments&post=34686"}],"version-history":[{"count":0,"href":"https:\/\/archive.sana.sy\/es\/index.php?rest_route=\/wp\/v2\/posts\/34686\/revisions"}],"wp:attachment":[{"href":"https:\/\/archive.sana.sy\/es\/index.php?rest_route=%2Fwp%2Fv2%2Fmedia&parent=34686"}],"wp:term":[{"taxonomy":"category","embeddable":true,"href":"https:\/\/archive.sana.sy\/es\/index.php?rest_route=%2Fwp%2Fv2%2Fcategories&post=34686"},{"taxonomy":"post_tag","embeddable":true,"href":"https:\/\/archive.sana.sy\/es\/index.php?rest_route=%2Fwp%2Fv2%2Ftags&post=34686"}],"curies":[{"name":"wp","href":"https:\/\/api.w.org\/{rel}","templated":true}]}}