{"id":346873,"date":"2025-02-11T17:47:02","date_gmt":"2025-02-11T14:47:02","guid":{"rendered":"https:\/\/sana.sy\/es\/?p=346873"},"modified":"2025-02-11T17:48:23","modified_gmt":"2025-02-11T14:48:23","slug":"ministerio-de-defensa-aborda-los-ultimos-avances-en-materia-de-formular-una-nueva-estructura-para-el-ministerio","status":"publish","type":"post","link":"https:\/\/archive.sana.sy\/es\/?p=346873","title":{"rendered":"Ministro de Defensa se re\u00fane con Comit\u00e9 encargado de formular la nueva estructura para el Ministerio"},"content":{"rendered":"<p style=\"text-align: justify\"><span style=\"color: #800000\"><strong>Damasco, 11 feb (SANA)<\/strong> <\/span>El ministro de Defensa, Mayor General Marhaf Abu Qasra, se reuni\u00f3 este martes con el comit\u00e9 encargado de formular la nueva estructura para el Ministerio.<\/p>\n<p style=\"text-align: justify\">Durante la reuni\u00f3n se abordaron los \u00faltimos avances en esta materia.<\/p>\n<div id='gallery-1' class='gallery galleryid-346873 gallery-columns-1 gallery-size-full'><figure class='gallery-item'>\n\t\t\t<div class='gallery-icon landscape'>\n\t\t\t\t<a href='https:\/\/archive.sana.sy\/es\/wp-content\/uploads\/2025\/02\/El-ministro-de-Defensa-Mayor-General-Marhaf-Abu-Qasra-se-reune-con-el-comite-encargado-de-formular-una-nueva-estructura-para-el-Ministerio-para-discutir-los-ultimos-avances-2.jpg'><img loading=\"lazy\" decoding=\"async\" width=\"1280\" height=\"720\" src=\"https:\/\/archive.sana.sy\/es\/wp-content\/uploads\/2025\/02\/El-ministro-de-Defensa-Mayor-General-Marhaf-Abu-Qasra-se-reune-con-el-comite-encargado-de-formular-una-nueva-estructura-para-el-Ministerio-para-discutir-los-ultimos-avances-2.jpg\" class=\"attachment-full size-full\" alt=\"\" srcset=\"https:\/\/archive.sana.sy\/es\/wp-content\/uploads\/2025\/02\/El-ministro-de-Defensa-Mayor-General-Marhaf-Abu-Qasra-se-reune-con-el-comite-encargado-de-formular-una-nueva-estructura-para-el-Ministerio-para-discutir-los-ultimos-avances-2.jpg 1280w, https:\/\/archive.sana.sy\/es\/wp-content\/uploads\/2025\/02\/El-ministro-de-Defensa-Mayor-General-Marhaf-Abu-Qasra-se-reune-con-el-comite-encargado-de-formular-una-nueva-estructura-para-el-Ministerio-para-discutir-los-ultimos-avances-2-300x169.jpg 300w, https:\/\/archive.sana.sy\/es\/wp-content\/uploads\/2025\/02\/El-ministro-de-Defensa-Mayor-General-Marhaf-Abu-Qasra-se-reune-con-el-comite-encargado-de-formular-una-nueva-estructura-para-el-Ministerio-para-discutir-los-ultimos-avances-2-1024x576.jpg 1024w, https:\/\/archive.sana.sy\/es\/wp-content\/uploads\/2025\/02\/El-ministro-de-Defensa-Mayor-General-Marhaf-Abu-Qasra-se-reune-con-el-comite-encargado-de-formular-una-nueva-estructura-para-el-Ministerio-para-discutir-los-ultimos-avances-2-150x84.jpg 150w, https:\/\/archive.sana.sy\/es\/wp-content\/uploads\/2025\/02\/El-ministro-de-Defensa-Mayor-General-Marhaf-Abu-Qasra-se-reune-con-el-comite-encargado-de-formular-una-nueva-estructura-para-el-Ministerio-para-discutir-los-ultimos-avances-2-768x432.jpg 768w\" sizes=\"(max-width: 1280px) 100vw, 1280px\" \/><\/a>\n\t\t\t<\/div><\/figure><figure class='gallery-item'>\n\t\t\t<div class='gallery-icon landscape'>\n\t\t\t\t<a href='https:\/\/archive.sana.sy\/es\/wp-content\/uploads\/2025\/02\/Ministerio-de-Defensa-aborda-los-ultimos-avances-en-materia-de-formular-una-nueva-estructura-para-el-Ministerio-1.jpg'><img loading=\"lazy\" decoding=\"async\" width=\"660\" height=\"371\" src=\"https:\/\/archive.sana.sy\/es\/wp-content\/uploads\/2025\/02\/Ministerio-de-Defensa-aborda-los-ultimos-avances-en-materia-de-formular-una-nueva-estructura-para-el-Ministerio-1.jpg\" class=\"attachment-full size-full\" alt=\"\" srcset=\"https:\/\/archive.sana.sy\/es\/wp-content\/uploads\/2025\/02\/Ministerio-de-Defensa-aborda-los-ultimos-avances-en-materia-de-formular-una-nueva-estructura-para-el-Ministerio-1.jpg 660w, https:\/\/archive.sana.sy\/es\/wp-content\/uploads\/2025\/02\/Ministerio-de-Defensa-aborda-los-ultimos-avances-en-materia-de-formular-una-nueva-estructura-para-el-Ministerio-1-300x169.jpg 300w, https:\/\/archive.sana.sy\/es\/wp-content\/uploads\/2025\/02\/Ministerio-de-Defensa-aborda-los-ultimos-avances-en-materia-de-formular-una-nueva-estructura-para-el-Ministerio-1-150x84.jpg 150w\" sizes=\"(max-width: 660px) 100vw, 660px\" \/><\/a>\n\t\t\t<\/div><\/figure><figure class='gallery-item'>\n\t\t\t<div class='gallery-icon landscape'>\n\t\t\t\t<a href='https:\/\/archive.sana.sy\/es\/wp-content\/uploads\/2025\/02\/Ministerio-de-Defensa-aborda-los-ultimos-avances-en-materia-de-formular-una-nueva-estructura-para-el-Ministerio-2.jpg'><img loading=\"lazy\" decoding=\"async\" width=\"660\" height=\"371\" src=\"https:\/\/archive.sana.sy\/es\/wp-content\/uploads\/2025\/02\/Ministerio-de-Defensa-aborda-los-ultimos-avances-en-materia-de-formular-una-nueva-estructura-para-el-Ministerio-2.jpg\" class=\"attachment-full size-full\" alt=\"\" srcset=\"https:\/\/archive.sana.sy\/es\/wp-content\/uploads\/2025\/02\/Ministerio-de-Defensa-aborda-los-ultimos-avances-en-materia-de-formular-una-nueva-estructura-para-el-Ministerio-2.jpg 660w, https:\/\/archive.sana.sy\/es\/wp-content\/uploads\/2025\/02\/Ministerio-de-Defensa-aborda-los-ultimos-avances-en-materia-de-formular-una-nueva-estructura-para-el-Ministerio-2-300x169.jpg 300w, https:\/\/archive.sana.sy\/es\/wp-content\/uploads\/2025\/02\/Ministerio-de-Defensa-aborda-los-ultimos-avances-en-materia-de-formular-una-nueva-estructura-para-el-Ministerio-2-150x84.jpg 150w\" sizes=\"(max-width: 660px) 100vw, 660px\" \/><\/a>\n\t\t\t<\/div><\/figure>\n\t\t<\/div>\n\n","protected":false},"excerpt":{"rendered":"<p>Damasco, 11 feb (SANA) El ministro de Defensa, Mayor General Marhaf Abu Qasra, se reuni\u00f3 este martes con el comit\u00e9 encargado de formular la nueva estructura para el Ministerio. Durante la reuni\u00f3n se abordaron los \u00faltimos avances en esta materia.<\/p>\n","protected":false},"author":24,"featured_media":346874,"comment_status":"closed","ping_status":"closed","sticky":false,"template":"","format":"standard","meta":{"footnotes":""},"categories":[477,597,20724,476,7541],"tags":[],"class_list":["post-346873","post","type-post","status-publish","format-standard","has-post-thumbnail","","category-noticias-edulcorantes","category-cinta-de-noticias","category-minuto-a-minuto","category-locales","category-ultimas-noticias"],"_links":{"self":[{"href":"https:\/\/archive.sana.sy\/es\/index.php?rest_route=\/wp\/v2\/posts\/346873"}],"collection":[{"href":"https:\/\/archive.sana.sy\/es\/index.php?rest_route=\/wp\/v2\/posts"}],"about":[{"href":"https:\/\/archive.sana.sy\/es\/index.php?rest_route=\/wp\/v2\/types\/post"}],"author":[{"embeddable":true,"href":"https:\/\/archive.sana.sy\/es\/index.php?rest_route=\/wp\/v2\/users\/24"}],"replies":[{"embeddable":true,"href":"https:\/\/archive.sana.sy\/es\/index.php?rest_route=%2Fwp%2Fv2%2Fcomments&post=346873"}],"version-history":[{"count":4,"href":"https:\/\/archive.sana.sy\/es\/index.php?rest_route=\/wp\/v2\/posts\/346873\/revisions"}],"predecessor-version":[{"id":346881,"href":"https:\/\/archive.sana.sy\/es\/index.php?rest_route=\/wp\/v2\/posts\/346873\/revisions\/346881"}],"wp:featuredmedia":[{"embeddable":true,"href":"https:\/\/archive.sana.sy\/es\/index.php?rest_route=\/wp\/v2\/media\/346874"}],"wp:attachment":[{"href":"https:\/\/archive.sana.sy\/es\/index.php?rest_route=%2Fwp%2Fv2%2Fmedia&parent=346873"}],"wp:term":[{"taxonomy":"category","embeddable":true,"href":"https:\/\/archive.sana.sy\/es\/index.php?rest_route=%2Fwp%2Fv2%2Fcategories&post=346873"},{"taxonomy":"post_tag","embeddable":true,"href":"https:\/\/archive.sana.sy\/es\/index.php?rest_route=%2Fwp%2Fv2%2Ftags&post=346873"}],"curies":[{"name":"wp","href":"https:\/\/api.w.org\/{rel}","templated":true}]}}