{"id":346902,"date":"2025-02-11T19:27:32","date_gmt":"2025-02-11T16:27:32","guid":{"rendered":"https:\/\/sana.sy\/es\/?p=346902"},"modified":"2025-02-11T19:29:29","modified_gmt":"2025-02-11T16:29:29","slug":"ministerio-del-interior-recibe-una-delegacion-qatari-presidida-por-el-viceministro-del-interior","status":"publish","type":"post","link":"https:\/\/archive.sana.sy\/es\/?p=346902","title":{"rendered":"Ministro del Interior recibe a una delegaci\u00f3n qatar\u00ed, presidida por el viceministro del Interior"},"content":{"rendered":"<p style=\"text-align: justify\"><span style=\"color: #800000\"><strong>Damasco, 11 feb (SANA)<\/strong> <\/span>El Ministro del Interior, Ali Kada, recibi\u00f3 al viceministro del Interior de Qatar, General de Divisi\u00f3n Mohammed Misfer Al Shahwani, Comandante de la Fuerza de Seguridad Interna en Qatar.<\/p>\n<p style=\"text-align: justify\">Durante la reuni\u00f3n se abordaron el intercambio de conocimientos, y la importancia de beneficiarse de la experiencia qatar\u00ed en los campos de seguridad y polic\u00eda.<\/p>\n","protected":false},"excerpt":{"rendered":"<p>Damasco, 11 feb (SANA) El Ministro del Interior, Ali Kada, recibi\u00f3 al viceministro del Interior de Qatar, General de Divisi\u00f3n Mohammed Misfer Al Shahwani, Comandante de la Fuerza de Seguridad Interna en Qatar. Durante la reuni\u00f3n se abordaron el intercambio de conocimientos, y la importancia de beneficiarse de la experiencia qatar\u00ed en los campos de &hellip;<\/p>\n","protected":false},"author":24,"featured_media":346903,"comment_status":"closed","ping_status":"closed","sticky":false,"template":"","format":"standard","meta":{"footnotes":""},"categories":[447,597,20724,476,467,7541],"tags":[],"class_list":["post-346902","post","type-post","status-publish","format-standard","has-post-thumbnail","","category-local-politica","category-cinta-de-noticias","category-minuto-a-minuto","category-locales","category-siria-y-el-mundo","category-ultimas-noticias"],"_links":{"self":[{"href":"https:\/\/archive.sana.sy\/es\/index.php?rest_route=\/wp\/v2\/posts\/346902"}],"collection":[{"href":"https:\/\/archive.sana.sy\/es\/index.php?rest_route=\/wp\/v2\/posts"}],"about":[{"href":"https:\/\/archive.sana.sy\/es\/index.php?rest_route=\/wp\/v2\/types\/post"}],"author":[{"embeddable":true,"href":"https:\/\/archive.sana.sy\/es\/index.php?rest_route=\/wp\/v2\/users\/24"}],"replies":[{"embeddable":true,"href":"https:\/\/archive.sana.sy\/es\/index.php?rest_route=%2Fwp%2Fv2%2Fcomments&post=346902"}],"version-history":[{"count":3,"href":"https:\/\/archive.sana.sy\/es\/index.php?rest_route=\/wp\/v2\/posts\/346902\/revisions"}],"predecessor-version":[{"id":346906,"href":"https:\/\/archive.sana.sy\/es\/index.php?rest_route=\/wp\/v2\/posts\/346902\/revisions\/346906"}],"wp:featuredmedia":[{"embeddable":true,"href":"https:\/\/archive.sana.sy\/es\/index.php?rest_route=\/wp\/v2\/media\/346903"}],"wp:attachment":[{"href":"https:\/\/archive.sana.sy\/es\/index.php?rest_route=%2Fwp%2Fv2%2Fmedia&parent=346902"}],"wp:term":[{"taxonomy":"category","embeddable":true,"href":"https:\/\/archive.sana.sy\/es\/index.php?rest_route=%2Fwp%2Fv2%2Fcategories&post=346902"},{"taxonomy":"post_tag","embeddable":true,"href":"https:\/\/archive.sana.sy\/es\/index.php?rest_route=%2Fwp%2Fv2%2Ftags&post=346902"}],"curies":[{"name":"wp","href":"https:\/\/api.w.org\/{rel}","templated":true}]}}