{"id":346907,"date":"2025-02-11T19:33:08","date_gmt":"2025-02-11T16:33:08","guid":{"rendered":"https:\/\/sana.sy\/es\/?p=346907"},"modified":"2025-02-11T19:33:08","modified_gmt":"2025-02-11T16:33:08","slug":"primer-ministro-elogia-trabajo-humanitario-de-arabia-saudita-en-siria","status":"publish","type":"post","link":"https:\/\/archive.sana.sy\/es\/?p=346907","title":{"rendered":"Primer Ministro elogia trabajo humanitario de Arabia Saudita en Siria"},"content":{"rendered":"<p style=\"text-align: justify\"><span style=\"color: #800000\"><strong>Damasco, 11 feb (SANA)<\/strong><\/span> El primer ministro, Mohamed Al-Bashir, agradeci\u00f3 los esfuerzos humanitarios desplegados por Arabia Saudita en Siria y la regi\u00f3n.<\/p>\n<p style=\"text-align: justify\">Esta postura fue expresada durante una reuni\u00f3n con la delegaci\u00f3n de m\u00e9dicos voluntarios del Centro del Rey Salman.<\/p>\n<div id='gallery-1' class='gallery galleryid-346907 gallery-columns-1 gallery-size-large'><figure class='gallery-item'>\n\t\t\t<div class='gallery-icon landscape'>\n\t\t\t\t<a href='https:\/\/archive.sana.sy\/es\/wp-content\/uploads\/2025\/02\/El-primer-ministro-Mohamed-Al-Bashir-agradece-los-esfuerzos-humanitarios-realizados-por-Arabia-Saudita-en-Siria-y-la-region.jpg'><img loading=\"lazy\" decoding=\"async\" width=\"618\" height=\"348\" src=\"https:\/\/archive.sana.sy\/es\/wp-content\/uploads\/2025\/02\/El-primer-ministro-Mohamed-Al-Bashir-agradece-los-esfuerzos-humanitarios-realizados-por-Arabia-Saudita-en-Siria-y-la-region-1024x576.jpg\" class=\"attachment-large size-large\" alt=\"\" srcset=\"https:\/\/archive.sana.sy\/es\/wp-content\/uploads\/2025\/02\/El-primer-ministro-Mohamed-Al-Bashir-agradece-los-esfuerzos-humanitarios-realizados-por-Arabia-Saudita-en-Siria-y-la-region-1024x576.jpg 1024w, https:\/\/archive.sana.sy\/es\/wp-content\/uploads\/2025\/02\/El-primer-ministro-Mohamed-Al-Bashir-agradece-los-esfuerzos-humanitarios-realizados-por-Arabia-Saudita-en-Siria-y-la-region-300x169.jpg 300w, https:\/\/archive.sana.sy\/es\/wp-content\/uploads\/2025\/02\/El-primer-ministro-Mohamed-Al-Bashir-agradece-los-esfuerzos-humanitarios-realizados-por-Arabia-Saudita-en-Siria-y-la-region-150x84.jpg 150w, https:\/\/archive.sana.sy\/es\/wp-content\/uploads\/2025\/02\/El-primer-ministro-Mohamed-Al-Bashir-agradece-los-esfuerzos-humanitarios-realizados-por-Arabia-Saudita-en-Siria-y-la-region-768x432.jpg 768w, https:\/\/archive.sana.sy\/es\/wp-content\/uploads\/2025\/02\/El-primer-ministro-Mohamed-Al-Bashir-agradece-los-esfuerzos-humanitarios-realizados-por-Arabia-Saudita-en-Siria-y-la-region.jpg 1280w\" sizes=\"(max-width: 618px) 100vw, 618px\" \/><\/a>\n\t\t\t<\/div><\/figure><figure class='gallery-item'>\n\t\t\t<div class='gallery-icon landscape'>\n\t\t\t\t<a href='https:\/\/archive.sana.sy\/es\/wp-content\/uploads\/2025\/02\/El-primer-ministro-Mohamed-Al-Bashir-agradece-los-esfuerzos-humanitarios-realizados-por-Arabia-Saudita-en-Siria-y-la-region-3.jpg'><img loading=\"lazy\" decoding=\"async\" width=\"618\" height=\"348\" src=\"https:\/\/archive.sana.sy\/es\/wp-content\/uploads\/2025\/02\/El-primer-ministro-Mohamed-Al-Bashir-agradece-los-esfuerzos-humanitarios-realizados-por-Arabia-Saudita-en-Siria-y-la-region-3-1024x576.jpg\" class=\"attachment-large size-large\" alt=\"\" srcset=\"https:\/\/archive.sana.sy\/es\/wp-content\/uploads\/2025\/02\/El-primer-ministro-Mohamed-Al-Bashir-agradece-los-esfuerzos-humanitarios-realizados-por-Arabia-Saudita-en-Siria-y-la-region-3-1024x576.jpg 1024w, https:\/\/archive.sana.sy\/es\/wp-content\/uploads\/2025\/02\/El-primer-ministro-Mohamed-Al-Bashir-agradece-los-esfuerzos-humanitarios-realizados-por-Arabia-Saudita-en-Siria-y-la-region-3-300x169.jpg 300w, https:\/\/archive.sana.sy\/es\/wp-content\/uploads\/2025\/02\/El-primer-ministro-Mohamed-Al-Bashir-agradece-los-esfuerzos-humanitarios-realizados-por-Arabia-Saudita-en-Siria-y-la-region-3-150x84.jpg 150w, https:\/\/archive.sana.sy\/es\/wp-content\/uploads\/2025\/02\/El-primer-ministro-Mohamed-Al-Bashir-agradece-los-esfuerzos-humanitarios-realizados-por-Arabia-Saudita-en-Siria-y-la-region-3-768x432.jpg 768w, https:\/\/archive.sana.sy\/es\/wp-content\/uploads\/2025\/02\/El-primer-ministro-Mohamed-Al-Bashir-agradece-los-esfuerzos-humanitarios-realizados-por-Arabia-Saudita-en-Siria-y-la-region-3.jpg 1280w\" sizes=\"(max-width: 618px) 100vw, 618px\" \/><\/a>\n\t\t\t<\/div><\/figure>\n\t\t<\/div>\n\n","protected":false},"excerpt":{"rendered":"<p>Damasco, 11 feb (SANA) El primer ministro, Mohamed Al-Bashir, agradeci\u00f3 los esfuerzos humanitarios desplegados por Arabia Saudita en Siria y la regi\u00f3n. Esta postura fue expresada durante una reuni\u00f3n con la delegaci\u00f3n de m\u00e9dicos voluntarios del Centro del Rey Salman.<\/p>\n","protected":false},"author":24,"featured_media":346908,"comment_status":"closed","ping_status":"closed","sticky":false,"template":"","format":"standard","meta":{"footnotes":""},"categories":[447,597,20724,476,7541],"tags":[],"class_list":["post-346907","post","type-post","status-publish","format-standard","has-post-thumbnail","","category-local-politica","category-cinta-de-noticias","category-minuto-a-minuto","category-locales","category-ultimas-noticias"],"_links":{"self":[{"href":"https:\/\/archive.sana.sy\/es\/index.php?rest_route=\/wp\/v2\/posts\/346907"}],"collection":[{"href":"https:\/\/archive.sana.sy\/es\/index.php?rest_route=\/wp\/v2\/posts"}],"about":[{"href":"https:\/\/archive.sana.sy\/es\/index.php?rest_route=\/wp\/v2\/types\/post"}],"author":[{"embeddable":true,"href":"https:\/\/archive.sana.sy\/es\/index.php?rest_route=\/wp\/v2\/users\/24"}],"replies":[{"embeddable":true,"href":"https:\/\/archive.sana.sy\/es\/index.php?rest_route=%2Fwp%2Fv2%2Fcomments&post=346907"}],"version-history":[{"count":1,"href":"https:\/\/archive.sana.sy\/es\/index.php?rest_route=\/wp\/v2\/posts\/346907\/revisions"}],"predecessor-version":[{"id":346911,"href":"https:\/\/archive.sana.sy\/es\/index.php?rest_route=\/wp\/v2\/posts\/346907\/revisions\/346911"}],"wp:featuredmedia":[{"embeddable":true,"href":"https:\/\/archive.sana.sy\/es\/index.php?rest_route=\/wp\/v2\/media\/346908"}],"wp:attachment":[{"href":"https:\/\/archive.sana.sy\/es\/index.php?rest_route=%2Fwp%2Fv2%2Fmedia&parent=346907"}],"wp:term":[{"taxonomy":"category","embeddable":true,"href":"https:\/\/archive.sana.sy\/es\/index.php?rest_route=%2Fwp%2Fv2%2Fcategories&post=346907"},{"taxonomy":"post_tag","embeddable":true,"href":"https:\/\/archive.sana.sy\/es\/index.php?rest_route=%2Fwp%2Fv2%2Ftags&post=346907"}],"curies":[{"name":"wp","href":"https:\/\/api.w.org\/{rel}","templated":true}]}}