{"id":346914,"date":"2025-02-12T15:25:15","date_gmt":"2025-02-12T12:25:15","guid":{"rendered":"https:\/\/sana.sy\/es\/?p=346914"},"modified":"2025-02-12T18:03:20","modified_gmt":"2025-02-12T15:03:20","slug":"presidente-al-shara-recibe-a-delegaciones-del-organo-de-negociacion-y-de-la-coalicion-nacional-de-fuerzas-de-la-oposicion","status":"publish","type":"post","link":"https:\/\/archive.sana.sy\/es\/?p=346914","title":{"rendered":"Presidente Al-Shara recibe a delegaciones del \u00d3rgano de Negociaci\u00f3n y de la Coalici\u00f3n Nacional de Fuerzas de la Oposici\u00f3n"},"content":{"rendered":"<p style=\"text-align: justify\"><span style=\"color: #800000\"><strong>Damasco, 12 feb (SANA)\u00a0<\/strong> <\/span>El presidente de la Rep\u00fablica \u00c1rabe Siria, Ahmad Al-Shara, recibi\u00f3 hoy en Damasco, al jefe de la Comisi\u00f3n Negociadora Siria, Badr Jamous, y al jefe de la Coalici\u00f3n Nacional de Fuerzas Revolucionarias y de la Oposici\u00f3n, Hadi Al-Bahra.<\/p>\n<p style=\"text-align: justify\"><img loading=\"lazy\" decoding=\"async\" class=\"wp-image-346916 alignleft\" src=\"http:\/\/sana.sy\/es\/wp-content\/uploads\/2025\/02\/photo_2025-02-11_23-00-38-4.jpg\" alt=\"\" width=\"474\" height=\"266\" srcset=\"https:\/\/archive.sana.sy\/es\/wp-content\/uploads\/2025\/02\/photo_2025-02-11_23-00-38-4.jpg 1280w, https:\/\/archive.sana.sy\/es\/wp-content\/uploads\/2025\/02\/photo_2025-02-11_23-00-38-4-300x168.jpg 300w, https:\/\/archive.sana.sy\/es\/wp-content\/uploads\/2025\/02\/photo_2025-02-11_23-00-38-4-1024x574.jpg 1024w, https:\/\/archive.sana.sy\/es\/wp-content\/uploads\/2025\/02\/photo_2025-02-11_23-00-38-4-150x84.jpg 150w, https:\/\/archive.sana.sy\/es\/wp-content\/uploads\/2025\/02\/photo_2025-02-11_23-00-38-4-768x431.jpg 768w\" sizes=\"(max-width: 474px) 100vw, 474px\" \/>Las dos delegaciones felicitaron a Al-Shara por haber asumido la presidencia de la Rep\u00fablica y destacaron la necesidad de que el pueblo, el liderazgo y las instituciones sirias se mantengan unidas para enfrentar todos los desaf\u00edos en esta etapa de la historia de Siria.<\/p>\n<p style=\"text-align: justify\">Las dos delegaciones entregaron todos los expedientes relacionados con el \u00d3rgano Negociador, la Coalici\u00f3n Nacional y las instituciones que emanan de los mismos al Estado sirio para que contin\u00fae trabajando de manera que sirva los intereses del pueblo sirio y construya el Estado bajo el liderazgo del Presidente de la Rep\u00fablica.<\/p>\n<p>Al-Shara elogi\u00f3 la lucha del personal de estas instituciones contra el r\u00e9gimen derrocado, la fortaleza de sus posiciones nacionales en el escenario pol\u00edtico internacional, y su contribuci\u00f3n a consolidar la firmeza del pueblo sirio durante catorce a\u00f1os, que culmin\u00f3 con la victoria de la Revoluci\u00f3n Siria.<\/p>\n<p style=\"text-align: justify\"><img loading=\"lazy\" decoding=\"async\" class=\"wp-image-346917 alignleft\" src=\"http:\/\/sana.sy\/es\/wp-content\/uploads\/2025\/02\/photo_2025-02-11_23-00-38.jpg\" alt=\"\" width=\"448\" height=\"251\" srcset=\"https:\/\/archive.sana.sy\/es\/wp-content\/uploads\/2025\/02\/photo_2025-02-11_23-00-38.jpg 1280w, https:\/\/archive.sana.sy\/es\/wp-content\/uploads\/2025\/02\/photo_2025-02-11_23-00-38-300x168.jpg 300w, https:\/\/archive.sana.sy\/es\/wp-content\/uploads\/2025\/02\/photo_2025-02-11_23-00-38-1024x574.jpg 1024w, https:\/\/archive.sana.sy\/es\/wp-content\/uploads\/2025\/02\/photo_2025-02-11_23-00-38-150x84.jpg 150w, https:\/\/archive.sana.sy\/es\/wp-content\/uploads\/2025\/02\/photo_2025-02-11_23-00-38-768x431.jpg 768w\" sizes=\"(max-width: 448px) 100vw, 448px\" \/>El Presidente tambi\u00e9n destac\u00f3 la importancia de aprovechar los cuadros pol\u00edticos, administrativos y t\u00e9cnicos de estas dos instituciones de acuerdo con sus calificaciones e insertarlos dentro de las instituciones y la estructura del nuevo Estado de una manera que sirva al pueblo sirio a nivel interno y externo.<\/p>\n<p style=\"text-align: justify\">Por su parte, los asistentes destacaron su apoyo al liderazgo del Presidente de la Rep\u00fablica y trabajar con \u00e9l para superar los desaf\u00edos, reunificar el pa\u00eds, lograr la seguridad y estabilidad, y completar la formaci\u00f3n del ej\u00e9rcito sirio sobre bases nacionales y limitar las armas en manos del Estado.<\/p>\n<p style=\"text-align: justify\">Apoyaron la hoja de ruta anunciada por el Presidente de la Rep\u00fablica mediante la formaci\u00f3n de un gobierno de transici\u00f3n integral que represente a todos los sirios, la redacci\u00f3n de una nueva constituci\u00f3n para Siria aprobada por el pueblo sirio y luego llegar a la etapa de celebraci\u00f3n de elecciones libres y justas.<\/p>\n","protected":false},"excerpt":{"rendered":"<p>Damasco, 12 feb (SANA)\u00a0 El presidente de la Rep\u00fablica \u00c1rabe Siria, Ahmad Al-Shara, recibi\u00f3 hoy en Damasco, al jefe de la Comisi\u00f3n Negociadora Siria, Badr Jamous, y al jefe de la Coalici\u00f3n Nacional de Fuerzas Revolucionarias y de la Oposici\u00f3n, Hadi Al-Bahra. Las dos delegaciones felicitaron a Al-Shara por haber asumido la presidencia de la &hellip;<\/p>\n","protected":false},"author":34,"featured_media":346915,"comment_status":"closed","ping_status":"closed","sticky":false,"template":"","format":"standard","meta":{"footnotes":""},"categories":[477,447,597,20724,476,583],"tags":[],"class_list":["post-346914","post","type-post","status-publish","format-standard","has-post-thumbnail","","category-noticias-edulcorantes","category-local-politica","category-cinta-de-noticias","category-minuto-a-minuto","category-locales","category-slide"],"_links":{"self":[{"href":"https:\/\/archive.sana.sy\/es\/index.php?rest_route=\/wp\/v2\/posts\/346914"}],"collection":[{"href":"https:\/\/archive.sana.sy\/es\/index.php?rest_route=\/wp\/v2\/posts"}],"about":[{"href":"https:\/\/archive.sana.sy\/es\/index.php?rest_route=\/wp\/v2\/types\/post"}],"author":[{"embeddable":true,"href":"https:\/\/archive.sana.sy\/es\/index.php?rest_route=\/wp\/v2\/users\/34"}],"replies":[{"embeddable":true,"href":"https:\/\/archive.sana.sy\/es\/index.php?rest_route=%2Fwp%2Fv2%2Fcomments&post=346914"}],"version-history":[{"count":2,"href":"https:\/\/archive.sana.sy\/es\/index.php?rest_route=\/wp\/v2\/posts\/346914\/revisions"}],"predecessor-version":[{"id":346982,"href":"https:\/\/archive.sana.sy\/es\/index.php?rest_route=\/wp\/v2\/posts\/346914\/revisions\/346982"}],"wp:featuredmedia":[{"embeddable":true,"href":"https:\/\/archive.sana.sy\/es\/index.php?rest_route=\/wp\/v2\/media\/346915"}],"wp:attachment":[{"href":"https:\/\/archive.sana.sy\/es\/index.php?rest_route=%2Fwp%2Fv2%2Fmedia&parent=346914"}],"wp:term":[{"taxonomy":"category","embeddable":true,"href":"https:\/\/archive.sana.sy\/es\/index.php?rest_route=%2Fwp%2Fv2%2Fcategories&post=346914"},{"taxonomy":"post_tag","embeddable":true,"href":"https:\/\/archive.sana.sy\/es\/index.php?rest_route=%2Fwp%2Fv2%2Ftags&post=346914"}],"curies":[{"name":"wp","href":"https:\/\/api.w.org\/{rel}","templated":true}]}}