{"id":346945,"date":"2025-02-12T13:55:33","date_gmt":"2025-02-12T10:55:33","guid":{"rendered":"https:\/\/sana.sy\/es\/?p=346945"},"modified":"2025-02-12T13:57:47","modified_gmt":"2025-02-12T10:57:47","slug":"canciller-sirio-el-proximo-gobierno-se-formara-en-marzo-proximo-y-representara-a-todos-los-sirios","status":"publish","type":"post","link":"https:\/\/archive.sana.sy\/es\/?p=346945","title":{"rendered":"Canciller sirio: el pr\u00f3ximo gobierno se formar\u00e1 en marzo pr\u00f3ximo y representar\u00e1 a todos los sirios"},"content":{"rendered":"<p style=\"text-align: justify;\"><span style=\"color: #800000;\"><strong>Dub\u00e1i, 12 feb (SANA)\u00a0<\/strong> <\/span>El ministro sirio de Asuntos Exteriores y Expatriados, Asaad Al-Shaibani, concedi\u00f3 una entrevista al peri\u00f3dico kuwait\u00ed \u201cAl-Qabas\u201d, y consider\u00f3 que la nueva autoridad en Siria hered\u00f3 un sistema econ\u00f3mico destruido y est\u00e1 en la actualidad ante el desaf\u00edo de las sanciones impuestas al r\u00e9gimen derrocado, pero afectan al pueblo sirio.<\/p>\n<p style=\"text-align: justify;\">Hay que apoyar a la nueva Siria y convencer a la Uni\u00f3n Europea y a Estados Unidos de que eliminen las sanciones, afirm\u00f3 el Canciller en la entrevista concedida en el marco de la Cumbre Mundial de Gobiernos celebrada en Dub\u00e1i.<\/p>\n<p style=\"text-align: justify;\">Consider\u00f3 que todo el pueblo sirio particip\u00f3 en el cambio que se produjo en el pa\u00eds, y aclar\u00f3 que todo cambio viene acompa\u00f1ado de algunas preocupaciones, se est\u00e1 trabajando para infundir tranquilidad entre el pueblo sirio.<\/p>\n<p style=\"text-align: justify;\">El Titular revel\u00f3 que el pr\u00f3ximo gobierno, que se constituir\u00e1 en marzo pr\u00f3ximo, representar\u00e1 a todos los segmentos del pueblo sirio.<\/p>\n<p style=\"text-align: justify;\">Construir un Estado y un ej\u00e9rcito lleva bastante tiempo, y desde la primera semana de la liberaci\u00f3n, los mercados y las universidades han abierto y los empleados han regresado a sus puestos de trabajo, explic\u00f3.<\/p>\n<p style=\"text-align: justify;\">Seg\u00fan Al-Shaibani, el pueblo sirio ha vivido en armon\u00eda durante miles de a\u00f1os.<\/p>\n<p style=\"text-align: justify;\">Por otro lado, revel\u00f3 que recibi\u00f3 una invitaci\u00f3n oficial para visitar a Iraq y pronto la efectuar\u00e1. Asimismo, calific\u00f3 la relaci\u00f3n con Jordania de especial.<\/p>\n<p style=\"text-align: justify;\">Dentro de un a\u00f1o, veremos a una Siria capaz de expresarse ante todo el mundo, y despu\u00e9s de cinco a\u00f1os, estaremos aqu\u00ed para hablar de los logros alcanzados, concluy\u00f3 el Ministro sirio su declaraci\u00f3n.<\/p>\n<p style=\"text-align: justify;\"><span style=\"color: #800000;\"><strong>fm\/ws<\/strong><\/span><\/p>\n","protected":false},"excerpt":{"rendered":"<p>Dub\u00e1i, 12 feb (SANA)\u00a0 El ministro sirio de Asuntos Exteriores y Expatriados, Asaad Al-Shaibani, concedi\u00f3 una entrevista al peri\u00f3dico kuwait\u00ed \u201cAl-Qabas\u201d, y consider\u00f3 que la nueva autoridad en Siria hered\u00f3 un sistema econ\u00f3mico destruido y est\u00e1 en la actualidad ante el desaf\u00edo de las sanciones impuestas al r\u00e9gimen derrocado, pero afectan al pueblo sirio. Hay &hellip;<\/p>\n","protected":false},"author":35,"featured_media":346948,"comment_status":"closed","ping_status":"closed","sticky":false,"template":"","format":"standard","meta":{"footnotes":""},"categories":[597,456,16687,20724,467,583],"tags":[],"class_list":["post-346945","post","type-post","status-publish","format-standard","has-post-thumbnail","","category-cinta-de-noticias","category-arabe-internacional-politica","category-internacionales","category-minuto-a-minuto","category-siria-y-el-mundo","category-slide"],"_links":{"self":[{"href":"https:\/\/archive.sana.sy\/es\/index.php?rest_route=\/wp\/v2\/posts\/346945"}],"collection":[{"href":"https:\/\/archive.sana.sy\/es\/index.php?rest_route=\/wp\/v2\/posts"}],"about":[{"href":"https:\/\/archive.sana.sy\/es\/index.php?rest_route=\/wp\/v2\/types\/post"}],"author":[{"embeddable":true,"href":"https:\/\/archive.sana.sy\/es\/index.php?rest_route=\/wp\/v2\/users\/35"}],"replies":[{"embeddable":true,"href":"https:\/\/archive.sana.sy\/es\/index.php?rest_route=%2Fwp%2Fv2%2Fcomments&post=346945"}],"version-history":[{"count":3,"href":"https:\/\/archive.sana.sy\/es\/index.php?rest_route=\/wp\/v2\/posts\/346945\/revisions"}],"predecessor-version":[{"id":346949,"href":"https:\/\/archive.sana.sy\/es\/index.php?rest_route=\/wp\/v2\/posts\/346945\/revisions\/346949"}],"wp:featuredmedia":[{"embeddable":true,"href":"https:\/\/archive.sana.sy\/es\/index.php?rest_route=\/wp\/v2\/media\/346948"}],"wp:attachment":[{"href":"https:\/\/archive.sana.sy\/es\/index.php?rest_route=%2Fwp%2Fv2%2Fmedia&parent=346945"}],"wp:term":[{"taxonomy":"category","embeddable":true,"href":"https:\/\/archive.sana.sy\/es\/index.php?rest_route=%2Fwp%2Fv2%2Fcategories&post=346945"},{"taxonomy":"post_tag","embeddable":true,"href":"https:\/\/archive.sana.sy\/es\/index.php?rest_route=%2Fwp%2Fv2%2Ftags&post=346945"}],"curies":[{"name":"wp","href":"https:\/\/api.w.org\/{rel}","templated":true}]}}