{"id":346964,"date":"2025-02-12T16:19:18","date_gmt":"2025-02-12T13:19:18","guid":{"rendered":"https:\/\/sana.sy\/es\/?p=346964"},"modified":"2025-02-13T11:55:02","modified_gmt":"2025-02-13T08:55:02","slug":"cora-del-sur-considera-reanudar-relaciones-diplomaticas-con-siria","status":"publish","type":"post","link":"https:\/\/archive.sana.sy\/es\/?p=346964","title":{"rendered":"Corea del Sur considera reanudar relaciones diplom\u00e1ticas con Siria"},"content":{"rendered":"<p style=\"text-align: justify;\"><span style=\"color: #800000;\"><strong>Se\u00fal, 12 feb (SANA)<\/strong><\/span> El gobierno surcoreano decidi\u00f3 considerar la reanudaci\u00f3n de las relaciones diplom\u00e1ticas oficiales con Siria tras la ca\u00edda del ex r\u00e9gimen, inform\u00f3 hoy la agencia Yonhab.<\/p>\n<p style=\"text-align: justify;\">\u201cDurante nuestra reciente visita a Siria, el Gobierno interino sirio tambi\u00e9n confirm\u00f3 su disposici\u00f3n para reanudar las relaciones diplom\u00e1ticas con Se\u00fal, mientras que el ministro de Asuntos Exteriores y Expatriados, Asaad Al-Shaibani, expres\u00f3 la intenci\u00f3n de Siria de establecer nuevos v\u00ednculos\u00a0 con Corea del Sur\u201d, destac\u00f3 un funcionario del Ministerio de Exteriores del pa\u00eds asi\u00e1tico.<\/p>\n<p style=\"text-align: justify;\">El funcionario agreg\u00f3 que durante las conversaciones con la parte siria, Se\u00fal reiter\u00f3 su continuo apoyo a las aspiraciones del pueblo sirio a la libertad y la democracia, as\u00ed como hizo referencia a los beneficios de la cooperaci\u00f3n conjunta.<\/p>\n<p style=\"text-align: justify;\">\u201cAfirmamos nuestra determinaci\u00f3n de participar en los esfuerzos de reconstrucci\u00f3n de Siria.\u201d, agreg\u00f3.<\/p>\n<p style=\"text-align: justify;\">Cabe destacar que el jefe de la diplomacia siria recibi\u00f3 la semana pasada una delegaci\u00f3n surcoreana presidida por la directora general para los Asuntos de \u00c1frica y Oriente Medio del Ministerio de Exteriores de Corea del Sur.<\/p>\n","protected":false},"excerpt":{"rendered":"<p>Se\u00fal, 12 feb (SANA) El gobierno surcoreano decidi\u00f3 considerar la reanudaci\u00f3n de las relaciones diplom\u00e1ticas oficiales con Siria tras la ca\u00edda del ex r\u00e9gimen, inform\u00f3 hoy la agencia Yonhab. \u201cDurante nuestra reciente visita a Siria, el Gobierno interino sirio tambi\u00e9n confirm\u00f3 su disposici\u00f3n para reanudar las relaciones diplom\u00e1ticas con Se\u00fal, mientras que el ministro de &hellip;<\/p>\n","protected":false},"author":24,"featured_media":346965,"comment_status":"closed","ping_status":"closed","sticky":false,"template":"","format":"standard","meta":{"footnotes":""},"categories":[597,20724,467,7541],"tags":[],"class_list":["post-346964","post","type-post","status-publish","format-standard","has-post-thumbnail","","category-cinta-de-noticias","category-minuto-a-minuto","category-siria-y-el-mundo","category-ultimas-noticias"],"_links":{"self":[{"href":"https:\/\/archive.sana.sy\/es\/index.php?rest_route=\/wp\/v2\/posts\/346964"}],"collection":[{"href":"https:\/\/archive.sana.sy\/es\/index.php?rest_route=\/wp\/v2\/posts"}],"about":[{"href":"https:\/\/archive.sana.sy\/es\/index.php?rest_route=\/wp\/v2\/types\/post"}],"author":[{"embeddable":true,"href":"https:\/\/archive.sana.sy\/es\/index.php?rest_route=\/wp\/v2\/users\/24"}],"replies":[{"embeddable":true,"href":"https:\/\/archive.sana.sy\/es\/index.php?rest_route=%2Fwp%2Fv2%2Fcomments&post=346964"}],"version-history":[{"count":7,"href":"https:\/\/archive.sana.sy\/es\/index.php?rest_route=\/wp\/v2\/posts\/346964\/revisions"}],"predecessor-version":[{"id":347013,"href":"https:\/\/archive.sana.sy\/es\/index.php?rest_route=\/wp\/v2\/posts\/346964\/revisions\/347013"}],"wp:featuredmedia":[{"embeddable":true,"href":"https:\/\/archive.sana.sy\/es\/index.php?rest_route=\/wp\/v2\/media\/346965"}],"wp:attachment":[{"href":"https:\/\/archive.sana.sy\/es\/index.php?rest_route=%2Fwp%2Fv2%2Fmedia&parent=346964"}],"wp:term":[{"taxonomy":"category","embeddable":true,"href":"https:\/\/archive.sana.sy\/es\/index.php?rest_route=%2Fwp%2Fv2%2Fcategories&post=346964"},{"taxonomy":"post_tag","embeddable":true,"href":"https:\/\/archive.sana.sy\/es\/index.php?rest_route=%2Fwp%2Fv2%2Ftags&post=346964"}],"curies":[{"name":"wp","href":"https:\/\/api.w.org\/{rel}","templated":true}]}}