{"id":346978,"date":"2025-02-12T18:10:27","date_gmt":"2025-02-12T15:10:27","guid":{"rendered":"https:\/\/sana.sy\/es\/?p=346978"},"modified":"2025-02-12T19:14:46","modified_gmt":"2025-02-12T16:14:46","slug":"crean-en-siria-el-comite-preparativo-para-la-conferencia-nacional-de-dialogo","status":"publish","type":"post","link":"https:\/\/archive.sana.sy\/es\/?p=346978","title":{"rendered":"Crean en Siria el Comit\u00e9 Preparativo para la Conferencia Nacional de Di\u00e1logo"},"content":{"rendered":"<p style=\"text-align: justify\"><span style=\"color: #800000\"><strong>Damasco, 12 feb (SANA)<\/strong> <\/span>El presidente de la Rep\u00fablica \u00c1rabe Siria, Ahmad Al-Sharaa, decidi\u00f3 crear un Comit\u00e9 Preparativo para la Conferencia Nacional de Di\u00e1logo.<\/p>\n<p style=\"text-align: justify\">La decisi\u00f3n parte de los supremos intereses nacionales y la necesidad de cumplir con las aspiraciones del pueblo sirio.<\/p>\n<p>Seg\u00fan la resoluci\u00f3n presidencial, el comit\u00e9 se encarga de fijar las normas de su trabajo de forma que garantice el \u00e9xito del di\u00e1logo nacional.<\/p>\n<p style=\"text-align: justify\">El trabajo de este \u00f3rgano termina luego de la emisi\u00f3n de la declaraci\u00f3n final de la conferencia.<\/p>\n<p><img loading=\"lazy\" decoding=\"async\" class=\"size-large wp-image-346979 aligncenter\" src=\"http:\/\/sana.sy\/es\/wp-content\/uploads\/2025\/02\/resolucion-presidencial-700x1024.jpg\" alt=\"\" width=\"618\" height=\"904\" srcset=\"https:\/\/archive.sana.sy\/es\/wp-content\/uploads\/2025\/02\/resolucion-presidencial-700x1024.jpg 700w, https:\/\/archive.sana.sy\/es\/wp-content\/uploads\/2025\/02\/resolucion-presidencial-205x300.jpg 205w, https:\/\/archive.sana.sy\/es\/wp-content\/uploads\/2025\/02\/resolucion-presidencial-103x150.jpg 103w, https:\/\/archive.sana.sy\/es\/wp-content\/uploads\/2025\/02\/resolucion-presidencial-768x1123.jpg 768w, https:\/\/archive.sana.sy\/es\/wp-content\/uploads\/2025\/02\/resolucion-presidencial-1051x1536.jpg 1051w, https:\/\/archive.sana.sy\/es\/wp-content\/uploads\/2025\/02\/resolucion-presidencial-1401x2048.jpg 1401w, https:\/\/archive.sana.sy\/es\/wp-content\/uploads\/2025\/02\/resolucion-presidencial.jpg 1751w\" sizes=\"(max-width: 618px) 100vw, 618px\" \/><\/p>\n","protected":false},"excerpt":{"rendered":"<p>Damasco, 12 feb (SANA) El presidente de la Rep\u00fablica \u00c1rabe Siria, Ahmad Al-Sharaa, decidi\u00f3 crear un Comit\u00e9 Preparativo para la Conferencia Nacional de Di\u00e1logo. La decisi\u00f3n parte de los supremos intereses nacionales y la necesidad de cumplir con las aspiraciones del pueblo sirio. Seg\u00fan la resoluci\u00f3n presidencial, el comit\u00e9 se encarga de fijar las normas &hellip;<\/p>\n","protected":false},"author":24,"featured_media":346980,"comment_status":"closed","ping_status":"closed","sticky":false,"template":"","format":"standard","meta":{"footnotes":""},"categories":[477,597,20724,476,583],"tags":[],"class_list":["post-346978","post","type-post","status-publish","format-standard","has-post-thumbnail","","category-noticias-edulcorantes","category-cinta-de-noticias","category-minuto-a-minuto","category-locales","category-slide"],"_links":{"self":[{"href":"https:\/\/archive.sana.sy\/es\/index.php?rest_route=\/wp\/v2\/posts\/346978"}],"collection":[{"href":"https:\/\/archive.sana.sy\/es\/index.php?rest_route=\/wp\/v2\/posts"}],"about":[{"href":"https:\/\/archive.sana.sy\/es\/index.php?rest_route=\/wp\/v2\/types\/post"}],"author":[{"embeddable":true,"href":"https:\/\/archive.sana.sy\/es\/index.php?rest_route=\/wp\/v2\/users\/24"}],"replies":[{"embeddable":true,"href":"https:\/\/archive.sana.sy\/es\/index.php?rest_route=%2Fwp%2Fv2%2Fcomments&post=346978"}],"version-history":[{"count":2,"href":"https:\/\/archive.sana.sy\/es\/index.php?rest_route=\/wp\/v2\/posts\/346978\/revisions"}],"predecessor-version":[{"id":346990,"href":"https:\/\/archive.sana.sy\/es\/index.php?rest_route=\/wp\/v2\/posts\/346978\/revisions\/346990"}],"wp:featuredmedia":[{"embeddable":true,"href":"https:\/\/archive.sana.sy\/es\/index.php?rest_route=\/wp\/v2\/media\/346980"}],"wp:attachment":[{"href":"https:\/\/archive.sana.sy\/es\/index.php?rest_route=%2Fwp%2Fv2%2Fmedia&parent=346978"}],"wp:term":[{"taxonomy":"category","embeddable":true,"href":"https:\/\/archive.sana.sy\/es\/index.php?rest_route=%2Fwp%2Fv2%2Fcategories&post=346978"},{"taxonomy":"post_tag","embeddable":true,"href":"https:\/\/archive.sana.sy\/es\/index.php?rest_route=%2Fwp%2Fv2%2Ftags&post=346978"}],"curies":[{"name":"wp","href":"https:\/\/api.w.org\/{rel}","templated":true}]}}