{"id":34698,"date":"2015-12-05T14:51:36","date_gmt":"2015-12-05T12:51:36","guid":{"rendered":"http:\/\/sana.sy\/es\/?p=34698"},"modified":"2015-12-05T20:04:38","modified_gmt":"2015-12-05T18:04:38","slug":"primer-ministro-se-reune-con-una-iniciativa-lanzada-por-los-vecinos-de-deraa","status":"publish","type":"post","link":"https:\/\/archive.sana.sy\/es\/?p=34698","title":{"rendered":"Primer Ministro se re\u00fane con una iniciativa lanzada por los vecinos de Deraa"},"content":{"rendered":"<p><span style=\"color: #800000\">Damasco, SANA<\/span><\/p>\n<p>El primer ministro, Wael al-Halqui se reuni\u00f3 este s\u00e1bado con una delegaci\u00f3n de la iniciativa \u201cDeraa Dere\u00b4a al-Watan\u201d (Deraa el escudo de la patria).<\/p>\n<p>Durante la reuni\u00f3n, el jefe del gabinete destac\u00f3 que esta iniciativa es un mensaje dirigido a todo el mundo de que Siria seguir\u00e1 siendo el pa\u00eds del amor, de la tolerancia y\u00a0de\u00a0la convivencia, y que todos los intentos encaminados a desagregar el pa\u00eds y desunir a su sociedad terminar\u00e1n en fracaso.<\/p>\n<p>El Primer Ministro confirm\u00f3 que en Deraa se vencer\u00e1n los enemigos, as\u00ed como celebrar\u00e1 pronto la victoria junto con las dem\u00e1s provincias gracias a la unidad entre el pueblo y el ej\u00e9rcito, y el apoyo de los amigos a Siria, haciendo un llamado a todos los vecinos de la provincia sure\u00f1a que fueron enga\u00f1ados a volver a proteger la patria.<\/p>\n<p>A su vez, uno de los miembros de la iniciativa afirm\u00f3 que se hacen ilusiones todos aquellos que apostaron a que Deraa ser\u00e1 una pu\u00f1alada en la espalda de la patria, pues esta provincia seguir\u00e1 siendo uno de los defensores de Siria.<\/p>\n<p>Los miembros de la iniciativa manifestaron su confianza en que Siria cantar\u00e1 victoria pronto bajo el liderazgo del presidente Bashar al-Assad, alabando los esfuerzos desempe\u00f1ados por el Gobierno para reforzar la resistencia del pueblo sirio frente a la guerra terrorista.<\/p>\n<p>Cabe destacar que dicha iniciativa se lanz\u00f3 a mediados del pasado mes de noviembre de la ciudad de Deraa a las dem\u00e1s provincias para homenajear a las familias de los m\u00e1rtires y a los heridos de la guerra.<\/p>\n<p>&nbsp;<\/p>\n<p>&nbsp;<\/p>\n<p>Lynn A.<\/p>\n","protected":false},"excerpt":{"rendered":"<p>Damasco, SANA El primer ministro, Wael al-Halqui se reuni\u00f3 este s\u00e1bado con una delegaci\u00f3n de la iniciativa \u201cDeraa Dere\u00b4a al-Watan\u201d (Deraa el escudo de la patria). Durante la reuni\u00f3n, el jefe del gabinete destac\u00f3 que esta iniciativa es un mensaje dirigido a todo el mundo de que Siria seguir\u00e1 siendo el pa\u00eds del amor, de &hellip;<\/p>\n","protected":false},"author":24,"featured_media":34699,"comment_status":"closed","ping_status":"closed","sticky":false,"template":"","format":"standard","meta":{"footnotes":""},"categories":[477,476,583],"tags":[],"class_list":["post-34698","post","type-post","status-publish","format-standard","has-post-thumbnail","","category-noticias-edulcorantes","category-locales","category-slide"],"_links":{"self":[{"href":"https:\/\/archive.sana.sy\/es\/index.php?rest_route=\/wp\/v2\/posts\/34698"}],"collection":[{"href":"https:\/\/archive.sana.sy\/es\/index.php?rest_route=\/wp\/v2\/posts"}],"about":[{"href":"https:\/\/archive.sana.sy\/es\/index.php?rest_route=\/wp\/v2\/types\/post"}],"author":[{"embeddable":true,"href":"https:\/\/archive.sana.sy\/es\/index.php?rest_route=\/wp\/v2\/users\/24"}],"replies":[{"embeddable":true,"href":"https:\/\/archive.sana.sy\/es\/index.php?rest_route=%2Fwp%2Fv2%2Fcomments&post=34698"}],"version-history":[{"count":0,"href":"https:\/\/archive.sana.sy\/es\/index.php?rest_route=\/wp\/v2\/posts\/34698\/revisions"}],"wp:featuredmedia":[{"embeddable":true,"href":"https:\/\/archive.sana.sy\/es\/index.php?rest_route=\/wp\/v2\/media\/34699"}],"wp:attachment":[{"href":"https:\/\/archive.sana.sy\/es\/index.php?rest_route=%2Fwp%2Fv2%2Fmedia&parent=34698"}],"wp:term":[{"taxonomy":"category","embeddable":true,"href":"https:\/\/archive.sana.sy\/es\/index.php?rest_route=%2Fwp%2Fv2%2Fcategories&post=34698"},{"taxonomy":"post_tag","embeddable":true,"href":"https:\/\/archive.sana.sy\/es\/index.php?rest_route=%2Fwp%2Fv2%2Ftags&post=34698"}],"curies":[{"name":"wp","href":"https:\/\/api.w.org\/{rel}","templated":true}]}}