{"id":346983,"date":"2025-02-12T19:08:01","date_gmt":"2025-02-12T16:08:01","guid":{"rendered":"https:\/\/sana.sy\/es\/?p=346983"},"modified":"2025-02-12T19:08:01","modified_gmt":"2025-02-12T16:08:01","slug":"presidente-ruso-reitera-su-apoyo-a-siria-durante-una-conversacion-telefonica-con-su-par-sirio","status":"publish","type":"post","link":"https:\/\/archive.sana.sy\/es\/?p=346983","title":{"rendered":"Presidente ruso reitera su apoyo a Siria durante una conversaci\u00f3n telef\u00f3nica con su par sirio"},"content":{"rendered":"<p style=\"text-align: justify\"><span style=\"color: #800000\"><strong>Damasco, 12 feb (SANA)<\/strong><\/span> El presidente sirio Ahmad Al-Shara, recibi\u00f3 una llamada telef\u00f3nica del presidente de la Federaci\u00f3n Rusa, Vladimir Putin, en la que el mandatario ruso felicit\u00f3 a su par sirio con motivo de su toma de posesi\u00f3n del cargo.<\/p>\n<p style=\"text-align: justify\">Al-Shara hizo \u00e9nfasis en las s\u00f3lidas relaciones estrat\u00e9gicas entre ambas naciones, y destac\u00f3 que Siria est\u00e1 abierta a todas las partes de forma que sirva los intereses del pueblo sirio y refuerce la seguridad y estabilidad en el pa\u00eds.<\/p>\n<p style=\"text-align: justify\">Ambas partes intercambiaron puntos de vista sobre la situaci\u00f3n actual en Siria y la hoja de ruta pol\u00edtica para reconstruir la nueva Siria.<\/p>\n<p style=\"text-align: justify\">El jefe del Estado ruso reiter\u00f3 el apoyo de su pa\u00eds a la soberan\u00eda, estabilidad e integridad territorial de Siria, as\u00ed como expres\u00f3 su disposici\u00f3n para considerar algunos acuerdos firmados con el ex r\u00e9gimen.<\/p>\n<p style=\"text-align: justify\">Putin resalt\u00f3 la necesidad de levantar las sanciones econ\u00f3micas impuestas a Siria, y dirigi\u00f3 una invitaci\u00f3n oficial al ministro de Exteriores sirio, Asaad Al-Shaibani para visitar a Rusia.<\/p>\n<p>&nbsp;<\/p>\n<p style=\"text-align: justify\">\n","protected":false},"excerpt":{"rendered":"<p>Damasco, 12 feb (SANA) El presidente sirio Ahmad Al-Shara, recibi\u00f3 una llamada telef\u00f3nica del presidente de la Federaci\u00f3n Rusa, Vladimir Putin, en la que el mandatario ruso felicit\u00f3 a su par sirio con motivo de su toma de posesi\u00f3n del cargo. Al-Shara hizo \u00e9nfasis en las s\u00f3lidas relaciones estrat\u00e9gicas entre ambas naciones, y destac\u00f3 que &hellip;<\/p>\n","protected":false},"author":24,"featured_media":346984,"comment_status":"closed","ping_status":"closed","sticky":false,"template":"","format":"standard","meta":{"footnotes":""},"categories":[447,597,20724,467,583],"tags":[],"class_list":["post-346983","post","type-post","status-publish","format-standard","has-post-thumbnail","","category-local-politica","category-cinta-de-noticias","category-minuto-a-minuto","category-siria-y-el-mundo","category-slide"],"_links":{"self":[{"href":"https:\/\/archive.sana.sy\/es\/index.php?rest_route=\/wp\/v2\/posts\/346983"}],"collection":[{"href":"https:\/\/archive.sana.sy\/es\/index.php?rest_route=\/wp\/v2\/posts"}],"about":[{"href":"https:\/\/archive.sana.sy\/es\/index.php?rest_route=\/wp\/v2\/types\/post"}],"author":[{"embeddable":true,"href":"https:\/\/archive.sana.sy\/es\/index.php?rest_route=\/wp\/v2\/users\/24"}],"replies":[{"embeddable":true,"href":"https:\/\/archive.sana.sy\/es\/index.php?rest_route=%2Fwp%2Fv2%2Fcomments&post=346983"}],"version-history":[{"count":1,"href":"https:\/\/archive.sana.sy\/es\/index.php?rest_route=\/wp\/v2\/posts\/346983\/revisions"}],"predecessor-version":[{"id":346985,"href":"https:\/\/archive.sana.sy\/es\/index.php?rest_route=\/wp\/v2\/posts\/346983\/revisions\/346985"}],"wp:featuredmedia":[{"embeddable":true,"href":"https:\/\/archive.sana.sy\/es\/index.php?rest_route=\/wp\/v2\/media\/346984"}],"wp:attachment":[{"href":"https:\/\/archive.sana.sy\/es\/index.php?rest_route=%2Fwp%2Fv2%2Fmedia&parent=346983"}],"wp:term":[{"taxonomy":"category","embeddable":true,"href":"https:\/\/archive.sana.sy\/es\/index.php?rest_route=%2Fwp%2Fv2%2Fcategories&post=346983"},{"taxonomy":"post_tag","embeddable":true,"href":"https:\/\/archive.sana.sy\/es\/index.php?rest_route=%2Fwp%2Fv2%2Ftags&post=346983"}],"curies":[{"name":"wp","href":"https:\/\/api.w.org\/{rel}","templated":true}]}}