{"id":346986,"date":"2025-02-12T18:09:37","date_gmt":"2025-02-12T15:09:37","guid":{"rendered":"https:\/\/sana.sy\/es\/?p=346986"},"modified":"2025-02-12T19:14:04","modified_gmt":"2025-02-12T16:14:04","slug":"presidente-al-sharaa-con-los-miembros-del-comite-preparativo-para-la-conferencia-nacional-de-dialogo","status":"publish","type":"post","link":"https:\/\/archive.sana.sy\/es\/?p=346986","title":{"rendered":"Presidente Al-Sharaa con los miembros del Comit\u00e9 Preparativo para la Conferencia Nacional de Di\u00e1logo"},"content":{"rendered":"<p><span style=\"color: #800000\"><strong>Damasco, 12 feb (SANA) <\/strong><\/span>El presidente Al-Sharaa se reuni\u00f3 esta tarde con los siete miembros del Comit\u00e9 Preparativo para la Conferencia Nacional de Di\u00e1logo.<\/p>\n<p><img loading=\"lazy\" decoding=\"async\" class=\"size-large wp-image-346987 aligncenter\" src=\"http:\/\/sana.sy\/es\/wp-content\/uploads\/2025\/02\/La-reunion-del-presidente-Al-Sharaa-con-los-miembros-del-Comite-Preparativo-para-la-Conferencia-Nacional-de-Dialogo-1-1024x574.jpg\" alt=\"\" width=\"618\" height=\"346\" srcset=\"https:\/\/archive.sana.sy\/es\/wp-content\/uploads\/2025\/02\/La-reunion-del-presidente-Al-Sharaa-con-los-miembros-del-Comite-Preparativo-para-la-Conferencia-Nacional-de-Dialogo-1-1024x574.jpg 1024w, https:\/\/archive.sana.sy\/es\/wp-content\/uploads\/2025\/02\/La-reunion-del-presidente-Al-Sharaa-con-los-miembros-del-Comite-Preparativo-para-la-Conferencia-Nacional-de-Dialogo-1-300x168.jpg 300w, https:\/\/archive.sana.sy\/es\/wp-content\/uploads\/2025\/02\/La-reunion-del-presidente-Al-Sharaa-con-los-miembros-del-Comite-Preparativo-para-la-Conferencia-Nacional-de-Dialogo-1-150x84.jpg 150w, https:\/\/archive.sana.sy\/es\/wp-content\/uploads\/2025\/02\/La-reunion-del-presidente-Al-Sharaa-con-los-miembros-del-Comite-Preparativo-para-la-Conferencia-Nacional-de-Dialogo-1-768x431.jpg 768w, https:\/\/archive.sana.sy\/es\/wp-content\/uploads\/2025\/02\/La-reunion-del-presidente-Al-Sharaa-con-los-miembros-del-Comite-Preparativo-para-la-Conferencia-Nacional-de-Dialogo-1.jpg 1280w\" sizes=\"(max-width: 618px) 100vw, 618px\" \/><\/p>\n","protected":false},"excerpt":{"rendered":"<p>Damasco, 12 feb (SANA) El presidente Al-Sharaa se reuni\u00f3 esta tarde con los siete miembros del Comit\u00e9 Preparativo para la Conferencia Nacional de Di\u00e1logo.<\/p>\n","protected":false},"author":24,"featured_media":346988,"comment_status":"closed","ping_status":"closed","sticky":false,"template":"","format":"standard","meta":{"footnotes":""},"categories":[477,597,20724,476,583],"tags":[],"class_list":["post-346986","post","type-post","status-publish","format-standard","has-post-thumbnail","","category-noticias-edulcorantes","category-cinta-de-noticias","category-minuto-a-minuto","category-locales","category-slide"],"_links":{"self":[{"href":"https:\/\/archive.sana.sy\/es\/index.php?rest_route=\/wp\/v2\/posts\/346986"}],"collection":[{"href":"https:\/\/archive.sana.sy\/es\/index.php?rest_route=\/wp\/v2\/posts"}],"about":[{"href":"https:\/\/archive.sana.sy\/es\/index.php?rest_route=\/wp\/v2\/types\/post"}],"author":[{"embeddable":true,"href":"https:\/\/archive.sana.sy\/es\/index.php?rest_route=\/wp\/v2\/users\/24"}],"replies":[{"embeddable":true,"href":"https:\/\/archive.sana.sy\/es\/index.php?rest_route=%2Fwp%2Fv2%2Fcomments&post=346986"}],"version-history":[{"count":1,"href":"https:\/\/archive.sana.sy\/es\/index.php?rest_route=\/wp\/v2\/posts\/346986\/revisions"}],"predecessor-version":[{"id":346989,"href":"https:\/\/archive.sana.sy\/es\/index.php?rest_route=\/wp\/v2\/posts\/346986\/revisions\/346989"}],"wp:featuredmedia":[{"embeddable":true,"href":"https:\/\/archive.sana.sy\/es\/index.php?rest_route=\/wp\/v2\/media\/346988"}],"wp:attachment":[{"href":"https:\/\/archive.sana.sy\/es\/index.php?rest_route=%2Fwp%2Fv2%2Fmedia&parent=346986"}],"wp:term":[{"taxonomy":"category","embeddable":true,"href":"https:\/\/archive.sana.sy\/es\/index.php?rest_route=%2Fwp%2Fv2%2Fcategories&post=346986"},{"taxonomy":"post_tag","embeddable":true,"href":"https:\/\/archive.sana.sy\/es\/index.php?rest_route=%2Fwp%2Fv2%2Ftags&post=346986"}],"curies":[{"name":"wp","href":"https:\/\/api.w.org\/{rel}","templated":true}]}}