{"id":347014,"date":"2025-02-13T14:11:20","date_gmt":"2025-02-13T11:11:20","guid":{"rendered":"https:\/\/sana.sy\/es\/?p=347014"},"modified":"2025-02-13T14:11:20","modified_gmt":"2025-02-13T11:11:20","slug":"declaracion-del-portavoz-del-comite-preparatorio-de-la-conferencia-de-dialogo-nacional","status":"publish","type":"post","link":"https:\/\/archive.sana.sy\/es\/?p=347014","title":{"rendered":"Declaraci\u00f3n del Portavoz del Comit\u00e9 Preparatorio de la Conferencia de Di\u00e1logo Nacional"},"content":{"rendered":"<p style=\"text-align: justify;\"><strong><span style=\"color: #800000;\">Damasco, 13 feb (SANA)<\/span><\/strong> El portavoz del Comit\u00e9 Preparatorio para la Conferencia de Di\u00e1logo Nacional, Hassan Al-Daghim, dijo hoy en una entrevista exclusiva con SANA, que la conferencia reflejar\u00e1 la diversidad de la sociedad siria.<\/p>\n<p style=\"text-align: justify;\">Los sirios y las sirias encontrar\u00e1n el terreno desde el cual partir\u00e1n para construir el futuro de su pa\u00eds por primera vez desde 1950, asegur\u00f3.<br \/>\nConsider\u00f3 que los sirios est\u00e1n atravesando una gran fase hist\u00f3rica de su vida y de su transici\u00f3n pol\u00edtica.<\/p>\n<p style=\"text-align: justify;\">Las reuniones intensivas entre el liderazgo sirio y las delegaciones populares constituyen tambi\u00e9n la plataforma para iniciar el trabajo preparatorio de la Conferencia de Di\u00e1logo Nacional.<\/p>\n<p style=\"text-align: justify;\">Agreg\u00f3 que el trabajo se distribuir\u00e1 en todos los niveles, ya sea en la preparaci\u00f3n, la comunicaci\u00f3n, las visitas a las gobernaciones, las reuniones con ciudadanos sirios, dignatarios y \u00e9lites.<\/p>\n<p style=\"text-align: justify;\">Buscaremos formas pr\u00e1cticas para garantizar la representaci\u00f3n de los grupos sociales, en t\u00e9rminos de distribuci\u00f3n de la poblaci\u00f3n, experiencia, especializaciones e influencia social, precis\u00f3.<\/p>\n<p style=\"text-align: justify;\">Cuando los contactos y los documentos iniciales est\u00e9n preparados para implementarlos, sin duda se har\u00e1 un llamado a celebrar la Conferencia de Di\u00e1logo Nacional, durante la cual los hombres y las mujeres sirias se sentar\u00e1n en la plataforma para construir el futuro de su pa\u00eds por primera vez desde 1950, concluy\u00f3.<\/p>\n<p style=\"text-align: justify;\">fm\/ed<\/p>\n","protected":false},"excerpt":{"rendered":"<p>Damasco, 13 feb (SANA) El portavoz del Comit\u00e9 Preparatorio para la Conferencia de Di\u00e1logo Nacional, Hassan Al-Daghim, dijo hoy en una entrevista exclusiva con SANA, que la conferencia reflejar\u00e1 la diversidad de la sociedad siria. Los sirios y las sirias encontrar\u00e1n el terreno desde el cual partir\u00e1n para construir el futuro de su pa\u00eds por &hellip;<\/p>\n","protected":false},"author":32,"featured_media":347015,"comment_status":"closed","ping_status":"closed","sticky":false,"template":"","format":"standard","meta":{"footnotes":""},"categories":[477,597,20724,476,7541],"tags":[],"class_list":["post-347014","post","type-post","status-publish","format-standard","has-post-thumbnail","","category-noticias-edulcorantes","category-cinta-de-noticias","category-minuto-a-minuto","category-locales","category-ultimas-noticias"],"_links":{"self":[{"href":"https:\/\/archive.sana.sy\/es\/index.php?rest_route=\/wp\/v2\/posts\/347014"}],"collection":[{"href":"https:\/\/archive.sana.sy\/es\/index.php?rest_route=\/wp\/v2\/posts"}],"about":[{"href":"https:\/\/archive.sana.sy\/es\/index.php?rest_route=\/wp\/v2\/types\/post"}],"author":[{"embeddable":true,"href":"https:\/\/archive.sana.sy\/es\/index.php?rest_route=\/wp\/v2\/users\/32"}],"replies":[{"embeddable":true,"href":"https:\/\/archive.sana.sy\/es\/index.php?rest_route=%2Fwp%2Fv2%2Fcomments&post=347014"}],"version-history":[{"count":1,"href":"https:\/\/archive.sana.sy\/es\/index.php?rest_route=\/wp\/v2\/posts\/347014\/revisions"}],"predecessor-version":[{"id":347016,"href":"https:\/\/archive.sana.sy\/es\/index.php?rest_route=\/wp\/v2\/posts\/347014\/revisions\/347016"}],"wp:featuredmedia":[{"embeddable":true,"href":"https:\/\/archive.sana.sy\/es\/index.php?rest_route=\/wp\/v2\/media\/347015"}],"wp:attachment":[{"href":"https:\/\/archive.sana.sy\/es\/index.php?rest_route=%2Fwp%2Fv2%2Fmedia&parent=347014"}],"wp:term":[{"taxonomy":"category","embeddable":true,"href":"https:\/\/archive.sana.sy\/es\/index.php?rest_route=%2Fwp%2Fv2%2Fcategories&post=347014"},{"taxonomy":"post_tag","embeddable":true,"href":"https:\/\/archive.sana.sy\/es\/index.php?rest_route=%2Fwp%2Fv2%2Ftags&post=347014"}],"curies":[{"name":"wp","href":"https:\/\/api.w.org\/{rel}","templated":true}]}}