{"id":347029,"date":"2025-02-13T15:32:36","date_gmt":"2025-02-13T12:32:36","guid":{"rendered":"https:\/\/sana.sy\/es\/?p=347029"},"modified":"2025-02-13T16:59:33","modified_gmt":"2025-02-13T13:59:33","slug":"ofrecen-detalles-sobre-la-venidera-conferencia-de-dialogo-nacional","status":"publish","type":"post","link":"https:\/\/archive.sana.sy\/es\/?p=347029","title":{"rendered":"Ofrecen detalles sobre la venidera Conferencia de Di\u00e1logo Nacional"},"content":{"rendered":"<p style=\"text-align: justify;\"><span style=\"color: #800000;\"><strong>Damasco, 13 feb (SANA)\u00a0<\/strong><\/span> El portavoz del Comit\u00e9 Preparatorio para la Conferencia de Di\u00e1logo Nacional, Hassan Al-Daghim, afirm\u00f3 que los principios de la Revoluci\u00f3n Siria rechazan las cuotas sobre la base sectaria, as\u00ed como se tendr\u00e1 en cuenta la diversidad para que los sirios de diferentes etnias, religiones y zonas vean este foro como un espejo que refleja sus aspiraciones.<\/p>\n<p style=\"text-align: justify;\">En una conferencia de prensa, el vocero aclar\u00f3 que el Comit\u00e9 Preparatorio es una junta nacional independiente y su misi\u00f3n es gestionar el proceso de di\u00e1logo, identificar las preocupaciones y opiniones de los ciudadanos, y garantizar que se apliquen los criterios de selecci\u00f3n de las personalidades participantes.<\/p>\n<p style=\"text-align: justify;\">Agreg\u00f3 que el n\u00famero de participantes en la Conferencia de Di\u00e1logo Nacional se deja para el debate p\u00fablico despu\u00e9s de comunicarse con los ciudadanos y representantes de las todas las provincias, y esta cuesti\u00f3n depender\u00e1 de los contenidos para que sean incluidas personas expertas de diversas especializaciones.<\/p>\n<p style=\"text-align: justify;\">La asamblea presentar\u00e1 recomendaciones a la Presidencia de la Rep\u00fablica que a su vez trabajar\u00e1 para implementarlas, afirm\u00f3.<\/p>\n","protected":false},"excerpt":{"rendered":"<p>Damasco, 13 feb (SANA)\u00a0 El portavoz del Comit\u00e9 Preparatorio para la Conferencia de Di\u00e1logo Nacional, Hassan Al-Daghim, afirm\u00f3 que los principios de la Revoluci\u00f3n Siria rechazan las cuotas sobre la base sectaria, as\u00ed como se tendr\u00e1 en cuenta la diversidad para que los sirios de diferentes etnias, religiones y zonas vean este foro como un &hellip;<\/p>\n","protected":false},"author":39,"featured_media":347039,"comment_status":"closed","ping_status":"closed","sticky":false,"template":"","format":"standard","meta":{"footnotes":""},"categories":[477,597,20724,476,583],"tags":[],"class_list":["post-347029","post","type-post","status-publish","format-standard","has-post-thumbnail","","category-noticias-edulcorantes","category-cinta-de-noticias","category-minuto-a-minuto","category-locales","category-slide"],"_links":{"self":[{"href":"https:\/\/archive.sana.sy\/es\/index.php?rest_route=\/wp\/v2\/posts\/347029"}],"collection":[{"href":"https:\/\/archive.sana.sy\/es\/index.php?rest_route=\/wp\/v2\/posts"}],"about":[{"href":"https:\/\/archive.sana.sy\/es\/index.php?rest_route=\/wp\/v2\/types\/post"}],"author":[{"embeddable":true,"href":"https:\/\/archive.sana.sy\/es\/index.php?rest_route=\/wp\/v2\/users\/39"}],"replies":[{"embeddable":true,"href":"https:\/\/archive.sana.sy\/es\/index.php?rest_route=%2Fwp%2Fv2%2Fcomments&post=347029"}],"version-history":[{"count":1,"href":"https:\/\/archive.sana.sy\/es\/index.php?rest_route=\/wp\/v2\/posts\/347029\/revisions"}],"predecessor-version":[{"id":347031,"href":"https:\/\/archive.sana.sy\/es\/index.php?rest_route=\/wp\/v2\/posts\/347029\/revisions\/347031"}],"wp:featuredmedia":[{"embeddable":true,"href":"https:\/\/archive.sana.sy\/es\/index.php?rest_route=\/wp\/v2\/media\/347039"}],"wp:attachment":[{"href":"https:\/\/archive.sana.sy\/es\/index.php?rest_route=%2Fwp%2Fv2%2Fmedia&parent=347029"}],"wp:term":[{"taxonomy":"category","embeddable":true,"href":"https:\/\/archive.sana.sy\/es\/index.php?rest_route=%2Fwp%2Fv2%2Fcategories&post=347029"},{"taxonomy":"post_tag","embeddable":true,"href":"https:\/\/archive.sana.sy\/es\/index.php?rest_route=%2Fwp%2Fv2%2Ftags&post=347029"}],"curies":[{"name":"wp","href":"https:\/\/api.w.org\/{rel}","templated":true}]}}