{"id":347032,"date":"2025-02-13T16:21:49","date_gmt":"2025-02-13T13:21:49","guid":{"rendered":"https:\/\/sana.sy\/es\/?p=347032"},"modified":"2025-02-13T16:21:49","modified_gmt":"2025-02-13T13:21:49","slug":"el-grupo-a3-del-consejo-de-seguridad-insta-a-la-comunidad-internacional-para-apoyar-a-siria","status":"publish","type":"post","link":"https:\/\/archive.sana.sy\/es\/?p=347032","title":{"rendered":"El grupo A3+ del Consejo de Seguridad insta a la comunidad internacional para apoyar a Siria"},"content":{"rendered":"<p style=\"text-align: justify;\"><span style=\"color: #800000;\"><strong>Nueva York, 13 feb (SANA)\u00a0 <\/strong><\/span>El grupo A3+ del Consejo de Seguridad inst\u00f3 a la comunidad internacional a apoyar el proceso de transici\u00f3n pol\u00edtica en Siria, y pidi\u00f3 a los sirios que unan sus esfuerzos para lograr la paz y la estabilidad que aspiran.<\/p>\n<p style=\"text-align: justify;\">El coordinador pol\u00edtico de la Misi\u00f3n Permanente de Argelia ante las Naciones Unidas, portavoz del referido grupo, Tawfik Al-Eid Qoudri, dijo ayer durante una reuni\u00f3n del Consejo de Seguridad sobre Siria que el grupo, que incluye a Argelia, Somalia, Sierra Leona y Guyana, llama a la comunidad internacional a apoyar el proceso de transici\u00f3n y ayudar al pueblo sirio a completar un proceso pol\u00edtico pac\u00edfico, sostenible e integral liderado por los sirios.<\/p>\n<p style=\"text-align: justify;\">Asimismo, enfatiz\u00f3 que la reconstrucci\u00f3n de Siria debe ser un esfuerzo colectivo de todos los sirios que merecen paz, estabilidad y prosperidad, y expres\u00f3 la aspiraci\u00f3n del grupo de que los donantes internacionales cumplan con sus compromisos financieros para apoyar la ayuda humanitaria brindada al pueblo sirio.<\/p>\n<p style=\"text-align: justify;\">El grupo tambi\u00e9n solicit\u00f3 el levantamiento de las sanciones financieras impuestas a Siria durante a\u00f1os y pidi\u00f3 a los actores regionales e internacionales que ayuden a Siria a lograr la recuperaci\u00f3n econ\u00f3mica.<\/p>\n<p style=\"text-align: justify;\">Adem\u00e1s, afirm\u00f3 su rechazo categ\u00f3rico a los ataques israel\u00edes a los territorios sirios.<\/p>\n","protected":false},"excerpt":{"rendered":"<p>Nueva York, 13 feb (SANA)\u00a0 El grupo A3+ del Consejo de Seguridad inst\u00f3 a la comunidad internacional a apoyar el proceso de transici\u00f3n pol\u00edtica en Siria, y pidi\u00f3 a los sirios que unan sus esfuerzos para lograr la paz y la estabilidad que aspiran. El coordinador pol\u00edtico de la Misi\u00f3n Permanente de Argelia ante las &hellip;<\/p>\n","protected":false},"author":39,"featured_media":347034,"comment_status":"closed","ping_status":"closed","sticky":false,"template":"","format":"standard","meta":{"footnotes":""},"categories":[597,456,20724,467,7541],"tags":[],"class_list":["post-347032","post","type-post","status-publish","format-standard","has-post-thumbnail","","category-cinta-de-noticias","category-arabe-internacional-politica","category-minuto-a-minuto","category-siria-y-el-mundo","category-ultimas-noticias"],"_links":{"self":[{"href":"https:\/\/archive.sana.sy\/es\/index.php?rest_route=\/wp\/v2\/posts\/347032"}],"collection":[{"href":"https:\/\/archive.sana.sy\/es\/index.php?rest_route=\/wp\/v2\/posts"}],"about":[{"href":"https:\/\/archive.sana.sy\/es\/index.php?rest_route=\/wp\/v2\/types\/post"}],"author":[{"embeddable":true,"href":"https:\/\/archive.sana.sy\/es\/index.php?rest_route=\/wp\/v2\/users\/39"}],"replies":[{"embeddable":true,"href":"https:\/\/archive.sana.sy\/es\/index.php?rest_route=%2Fwp%2Fv2%2Fcomments&post=347032"}],"version-history":[{"count":1,"href":"https:\/\/archive.sana.sy\/es\/index.php?rest_route=\/wp\/v2\/posts\/347032\/revisions"}],"predecessor-version":[{"id":347037,"href":"https:\/\/archive.sana.sy\/es\/index.php?rest_route=\/wp\/v2\/posts\/347032\/revisions\/347037"}],"wp:featuredmedia":[{"embeddable":true,"href":"https:\/\/archive.sana.sy\/es\/index.php?rest_route=\/wp\/v2\/media\/347034"}],"wp:attachment":[{"href":"https:\/\/archive.sana.sy\/es\/index.php?rest_route=%2Fwp%2Fv2%2Fmedia&parent=347032"}],"wp:term":[{"taxonomy":"category","embeddable":true,"href":"https:\/\/archive.sana.sy\/es\/index.php?rest_route=%2Fwp%2Fv2%2Fcategories&post=347032"},{"taxonomy":"post_tag","embeddable":true,"href":"https:\/\/archive.sana.sy\/es\/index.php?rest_route=%2Fwp%2Fv2%2Ftags&post=347032"}],"curies":[{"name":"wp","href":"https:\/\/api.w.org\/{rel}","templated":true}]}}