{"id":347033,"date":"2025-02-13T16:21:46","date_gmt":"2025-02-13T13:21:46","guid":{"rendered":"https:\/\/sana.sy\/es\/?p=347033"},"modified":"2025-02-13T16:28:19","modified_gmt":"2025-02-13T13:28:19","slug":"gran-bretana-pretende-modificar-el-regimen-de-sanciones-impuesto-a-siria","status":"publish","type":"post","link":"https:\/\/archive.sana.sy\/es\/?p=347033","title":{"rendered":"Gran Breta\u00f1a pretende modificar el r\u00e9gimen de sanciones impuesto a Siria"},"content":{"rendered":"<p style=\"text-align: justify;\"><span style=\"color: #800000;\"><strong>Londres, 13 feb (SANA)<\/strong><\/span>\u00a0 Gran Breta\u00f1a anunci\u00f3 hoy su intenci\u00f3n de modificar el r\u00e9gimen de sanciones impuesto a Siria tras la ca\u00edda del r\u00e9gimen de Bashar Al-Assad.<\/p>\n<p style=\"text-align: justify;\">Reuters cit\u00f3 a Stephen Doughty, Ministro para Europa, Am\u00e9rica del Norte y Territorios de Ultramar, diciendo que la modificaci\u00f3n no afecta la continuaci\u00f3n de la congelaci\u00f3n de los activos y la prohibici\u00f3n de viajar impuestas a personalidades del anterior gobierno.<\/p>\n<p style=\"text-align: justify;\">\u201cEstamos haciendo estos cambios para apoyar al pueblo sirio en la reconstrucci\u00f3n de su pa\u00eds y en la mejora de la seguridad y la estabilidad\u201d, afirm\u00f3.<\/p>\n<p style=\"text-align: justify;\">Agreg\u00f3 que el gobierno brit\u00e1nico sigue decidido a exigir cuentas a Bashar al-Assad y sus socios por sus acciones contra el pueblo sirio.<\/p>\n<p style=\"text-align: justify;\">fm\/ahs<\/p>\n","protected":false},"excerpt":{"rendered":"<p>Londres, 13 feb (SANA)\u00a0 Gran Breta\u00f1a anunci\u00f3 hoy su intenci\u00f3n de modificar el r\u00e9gimen de sanciones impuesto a Siria tras la ca\u00edda del r\u00e9gimen de Bashar Al-Assad. Reuters cit\u00f3 a Stephen Doughty, Ministro para Europa, Am\u00e9rica del Norte y Territorios de Ultramar, diciendo que la modificaci\u00f3n no afecta la continuaci\u00f3n de la congelaci\u00f3n de los &hellip;<\/p>\n","protected":false},"author":43,"featured_media":347035,"comment_status":"closed","ping_status":"closed","sticky":false,"template":"","format":"standard","meta":{"footnotes":""},"categories":[597,456,20724,467,7541],"tags":[],"class_list":["post-347033","post","type-post","status-publish","format-standard","has-post-thumbnail","","category-cinta-de-noticias","category-arabe-internacional-politica","category-minuto-a-minuto","category-siria-y-el-mundo","category-ultimas-noticias"],"_links":{"self":[{"href":"https:\/\/archive.sana.sy\/es\/index.php?rest_route=\/wp\/v2\/posts\/347033"}],"collection":[{"href":"https:\/\/archive.sana.sy\/es\/index.php?rest_route=\/wp\/v2\/posts"}],"about":[{"href":"https:\/\/archive.sana.sy\/es\/index.php?rest_route=\/wp\/v2\/types\/post"}],"author":[{"embeddable":true,"href":"https:\/\/archive.sana.sy\/es\/index.php?rest_route=\/wp\/v2\/users\/43"}],"replies":[{"embeddable":true,"href":"https:\/\/archive.sana.sy\/es\/index.php?rest_route=%2Fwp%2Fv2%2Fcomments&post=347033"}],"version-history":[{"count":2,"href":"https:\/\/archive.sana.sy\/es\/index.php?rest_route=\/wp\/v2\/posts\/347033\/revisions"}],"predecessor-version":[{"id":347038,"href":"https:\/\/archive.sana.sy\/es\/index.php?rest_route=\/wp\/v2\/posts\/347033\/revisions\/347038"}],"wp:featuredmedia":[{"embeddable":true,"href":"https:\/\/archive.sana.sy\/es\/index.php?rest_route=\/wp\/v2\/media\/347035"}],"wp:attachment":[{"href":"https:\/\/archive.sana.sy\/es\/index.php?rest_route=%2Fwp%2Fv2%2Fmedia&parent=347033"}],"wp:term":[{"taxonomy":"category","embeddable":true,"href":"https:\/\/archive.sana.sy\/es\/index.php?rest_route=%2Fwp%2Fv2%2Fcategories&post=347033"},{"taxonomy":"post_tag","embeddable":true,"href":"https:\/\/archive.sana.sy\/es\/index.php?rest_route=%2Fwp%2Fv2%2Ftags&post=347033"}],"curies":[{"name":"wp","href":"https:\/\/api.w.org\/{rel}","templated":true}]}}