{"id":347040,"date":"2025-02-13T18:10:13","date_gmt":"2025-02-13T15:10:13","guid":{"rendered":"https:\/\/sana.sy\/es\/?p=347040"},"modified":"2025-02-13T18:10:13","modified_gmt":"2025-02-13T15:10:13","slug":"ministerio-de-salud-analiza-con-la-asociacion-rahma-de-malasia-formas-para-fortalecer-la-cooperacion-en-todos-los-campos","status":"publish","type":"post","link":"https:\/\/archive.sana.sy\/es\/?p=347040","title":{"rendered":"Ministerio de Salud analiza con la Asociaci\u00f3n \u201cRahma\u201d de Malasia formas para fortalecer la cooperaci\u00f3n en todos los campos"},"content":{"rendered":"<p style=\"text-align: justify;\"><span style=\"color: #800000;\"><strong>Damasco, 13 feb (SANA)<\/strong><\/span> El director de la Direcci\u00f3n de Planificaci\u00f3n y Cooperaci\u00f3n Internacional del Ministerio de Salud, Zuhair Qarat, analiz\u00f3 con una delegaci\u00f3n de la Asociaci\u00f3n de Ayuda M\u00e9dica de Malasia \u201cRahma\u201d encabezada por Ahmed Faisal, las formas de mejorar la cooperaci\u00f3n en materia de salud en todos los campos.<\/p>\n<p style=\"text-align: justify;\">Durante la reuni\u00f3n que tuvo lugar hoy en la sede del Ministerio, las dos partes examinaron la posibilidad de lanzar proyectos de salud comunitaria y expresaron sus intereses en el campo de la atenci\u00f3n primaria y psicol\u00f3gica.<\/p>\n<p style=\"text-align: justify;\">Asimismo, ambas partes enfatizaron la necesidad de realizar cursos de formaci\u00f3n para los cuadros de salud, lo que contribuye en el desarrollo de las capacidades de los servicios m\u00e9dicos.<\/p>\n<p style=\"text-align: justify;\">ahs\/sm<\/p>\n<div id='gallery-1' class='gallery galleryid-347040 gallery-columns-1 gallery-size-full'><figure class='gallery-item'>\n\t\t\t<div class='gallery-icon landscape'>\n\t\t\t\t<a href='https:\/\/archive.sana.sy\/es\/wp-content\/uploads\/2025\/02\/photo_2025-02-13_17-25-35-3.jpg'><img loading=\"lazy\" decoding=\"async\" width=\"660\" height=\"373\" src=\"https:\/\/archive.sana.sy\/es\/wp-content\/uploads\/2025\/02\/photo_2025-02-13_17-25-35-3.jpg\" class=\"attachment-full size-full\" alt=\"\" srcset=\"https:\/\/archive.sana.sy\/es\/wp-content\/uploads\/2025\/02\/photo_2025-02-13_17-25-35-3.jpg 660w, https:\/\/archive.sana.sy\/es\/wp-content\/uploads\/2025\/02\/photo_2025-02-13_17-25-35-3-300x170.jpg 300w, https:\/\/archive.sana.sy\/es\/wp-content\/uploads\/2025\/02\/photo_2025-02-13_17-25-35-3-150x85.jpg 150w\" sizes=\"(max-width: 660px) 100vw, 660px\" \/><\/a>\n\t\t\t<\/div><\/figure><figure class='gallery-item'>\n\t\t\t<div class='gallery-icon landscape'>\n\t\t\t\t<a href='https:\/\/archive.sana.sy\/es\/wp-content\/uploads\/2025\/02\/photo_2025-02-13_17-25-35-2.jpg'><img loading=\"lazy\" decoding=\"async\" width=\"660\" height=\"373\" src=\"https:\/\/archive.sana.sy\/es\/wp-content\/uploads\/2025\/02\/photo_2025-02-13_17-25-35-2.jpg\" class=\"attachment-full size-full\" alt=\"\" srcset=\"https:\/\/archive.sana.sy\/es\/wp-content\/uploads\/2025\/02\/photo_2025-02-13_17-25-35-2.jpg 660w, https:\/\/archive.sana.sy\/es\/wp-content\/uploads\/2025\/02\/photo_2025-02-13_17-25-35-2-300x170.jpg 300w, https:\/\/archive.sana.sy\/es\/wp-content\/uploads\/2025\/02\/photo_2025-02-13_17-25-35-2-150x85.jpg 150w\" sizes=\"(max-width: 660px) 100vw, 660px\" \/><\/a>\n\t\t\t<\/div><\/figure>\n\t\t<\/div>\n\n","protected":false},"excerpt":{"rendered":"<p>Damasco, 13 feb (SANA) El director de la Direcci\u00f3n de Planificaci\u00f3n y Cooperaci\u00f3n Internacional del Ministerio de Salud, Zuhair Qarat, analiz\u00f3 con una delegaci\u00f3n de la Asociaci\u00f3n de Ayuda M\u00e9dica de Malasia \u201cRahma\u201d encabezada por Ahmed Faisal, las formas de mejorar la cooperaci\u00f3n en materia de salud en todos los campos. Durante la reuni\u00f3n que &hellip;<\/p>\n","protected":false},"author":43,"featured_media":347041,"comment_status":"closed","ping_status":"closed","sticky":false,"template":"","format":"standard","meta":{"footnotes":""},"categories":[597,20724,476,467,7541],"tags":[],"class_list":["post-347040","post","type-post","status-publish","format-standard","has-post-thumbnail","","category-cinta-de-noticias","category-minuto-a-minuto","category-locales","category-siria-y-el-mundo","category-ultimas-noticias"],"_links":{"self":[{"href":"https:\/\/archive.sana.sy\/es\/index.php?rest_route=\/wp\/v2\/posts\/347040"}],"collection":[{"href":"https:\/\/archive.sana.sy\/es\/index.php?rest_route=\/wp\/v2\/posts"}],"about":[{"href":"https:\/\/archive.sana.sy\/es\/index.php?rest_route=\/wp\/v2\/types\/post"}],"author":[{"embeddable":true,"href":"https:\/\/archive.sana.sy\/es\/index.php?rest_route=\/wp\/v2\/users\/43"}],"replies":[{"embeddable":true,"href":"https:\/\/archive.sana.sy\/es\/index.php?rest_route=%2Fwp%2Fv2%2Fcomments&post=347040"}],"version-history":[{"count":1,"href":"https:\/\/archive.sana.sy\/es\/index.php?rest_route=\/wp\/v2\/posts\/347040\/revisions"}],"predecessor-version":[{"id":347044,"href":"https:\/\/archive.sana.sy\/es\/index.php?rest_route=\/wp\/v2\/posts\/347040\/revisions\/347044"}],"wp:featuredmedia":[{"embeddable":true,"href":"https:\/\/archive.sana.sy\/es\/index.php?rest_route=\/wp\/v2\/media\/347041"}],"wp:attachment":[{"href":"https:\/\/archive.sana.sy\/es\/index.php?rest_route=%2Fwp%2Fv2%2Fmedia&parent=347040"}],"wp:term":[{"taxonomy":"category","embeddable":true,"href":"https:\/\/archive.sana.sy\/es\/index.php?rest_route=%2Fwp%2Fv2%2Fcategories&post=347040"},{"taxonomy":"post_tag","embeddable":true,"href":"https:\/\/archive.sana.sy\/es\/index.php?rest_route=%2Fwp%2Fv2%2Ftags&post=347040"}],"curies":[{"name":"wp","href":"https:\/\/api.w.org\/{rel}","templated":true}]}}