{"id":347056,"date":"2025-02-13T19:38:42","date_gmt":"2025-02-13T16:38:42","guid":{"rendered":"https:\/\/sana.sy\/es\/?p=347056"},"modified":"2025-02-13T19:38:42","modified_gmt":"2025-02-13T16:38:42","slug":"canciller-frances-llama-a-permitir-el-flujo-de-ayuda-a-siria-y-levantar-las-sanciones","status":"publish","type":"post","link":"https:\/\/archive.sana.sy\/es\/?p=347056","title":{"rendered":"Canciller franc\u00e9s llama a permitir el flujo de ayuda a Siria y levantar las sanciones"},"content":{"rendered":"<p style=\"text-align: justify;\"><span style=\"color: #800000;\"><strong>Par\u00eds, 13 feb (SANA)\u00a0<\/strong> <\/span>Con la participaci\u00f3n del Ministro de Asuntos Exteriores y Expatriados, Asaad Al-Shaibani, y de los ministros de Asuntos Exteriores de varios pa\u00edses \u00e1rabes y occidentales, comenz\u00f3 hoy la Conferencia de Par\u00eds sobre Siria.<\/p>\n<p style=\"text-align: justify;\">\u201cNuestro objetivo en la conferencia es ayudar a los sirios, y queremos una Siria libre, soberana, unida y estable, y por eso necesitamos crear un ambiente que contribuya a la paz, a la reunificaci\u00f3n y a la reintegraci\u00f3n de Siria a la regi\u00f3n, y estamos dispuestos a apoyar a la autoridad de transici\u00f3n siria para lograr sus objetivos\u201d, dijo el ministro de Asuntos Exteriores franc\u00e9s, Jean-Noel Barrot.<\/p>\n<p style=\"text-align: justify;\">Asimismo, el Canciller franc\u00e9s se\u00f1al\u00f3 que los desaf\u00edos son grandes y que se debe trabajar con rapidez y de manera coordinada para permitir el flujo de ayuda humanitaria que a\u00fan necesitan los sirios, as\u00ed como facilitar los flujos financieros y econ\u00f3micos para reconstruir el pa\u00eds y fomentar la inversi\u00f3n, e indic\u00f3 que por ello Par\u00eds est\u00e1 trabajando con sus hom\u00f3logos europeos para levantar r\u00e1pidamente varias sanciones econ\u00f3micas, pero con garant\u00edas de su levantamiento.<\/p>\n<p style=\"text-align: justify;\">El ministro de Asuntos Exteriores franc\u00e9s explic\u00f3 tambi\u00e9n que las sanciones econ\u00f3micas contribuyeron a la ca\u00edda del r\u00e9gimen de Assad, pero ya no deber\u00edan ser un obst\u00e1culo para el renacimiento de Siria, y se\u00f1al\u00f3 que la Uni\u00f3n Europea ha asignado m\u00e1s de 35 mil millones de euros desde 2011 para Siria y sus pa\u00edses vecinos, y est\u00e1 dispuesta a participar en los esfuerzos de reconstrucci\u00f3n y ayudar al pueblo sirio, as\u00ed como a apoyar las iniciativas para el retorno de los refugiados sirios a su pa\u00eds.<\/p>\n<p style=\"text-align: justify;\">Adem\u00e1s, el jefe de la diplomacia francesa destac\u00f3 que el di\u00e1logo nacional iniciado por Siria es importante y responde a las necesidades de los sirios, y todas las armas deben silenciarse en todo el pa\u00eds, incluido el norte y el noreste, de lo contrario existe el riesgo del regreso de(Daesh), ya que Siria no puede ser un refugio para organizaciones terroristas que amenazan directamente la seguridad de los vecinos de Siria y los pa\u00edses europeos.<\/p>\n<p style=\"text-align: justify;\">\u00a0\u201cEl di\u00e1logo nacional que Siria ha anunciado y que esperamos que comience pronto es un indicador muy importante, siempre que responda a las aspiraciones de todos los sirios, independientemente de su religi\u00f3n, lengua, sociedad o g\u00e9nero\u201d, declar\u00f3 el titular franc\u00e9s.<\/p>\n<p style=\"text-align: justify;\">Agreg\u00f3 que, adem\u00e1s, se ha anunciado la creaci\u00f3n de un comit\u00e9 para preparar la Conferencia de Di\u00e1logo Nacional y que el gobierno que se formar\u00e1 el 1 de marzo pr\u00f3ximo reflejar\u00e1 la diversidad de la escena siria.<\/p>\n<p style=\"text-align: justify;\">\u201cNo vamos a imponer nada ni a exigir nada que no sea realista, pero queremos seguir el ritmo de los sirios de la mejor manera posible y para ello necesitamos un calendario claro para la fase de transici\u00f3n, y que las Naciones Unidas est\u00e9 al tanto de esta etapa, ya que una transici\u00f3n exitosa es aquella que permite el r\u00e1pido restablecimiento de la seguridad para todos los sirios y todos los socios de Siria\u201d, a\u00f1adi\u00f3.<\/p>\n","protected":false},"excerpt":{"rendered":"<p>Par\u00eds, 13 feb (SANA)\u00a0 Con la participaci\u00f3n del Ministro de Asuntos Exteriores y Expatriados, Asaad Al-Shaibani, y de los ministros de Asuntos Exteriores de varios pa\u00edses \u00e1rabes y occidentales, comenz\u00f3 hoy la Conferencia de Par\u00eds sobre Siria. \u201cNuestro objetivo en la conferencia es ayudar a los sirios, y queremos una Siria libre, soberana, unida y &hellip;<\/p>\n","protected":false},"author":39,"featured_media":347057,"comment_status":"closed","ping_status":"closed","sticky":false,"template":"","format":"standard","meta":{"footnotes":""},"categories":[597,456,20724,467,7541],"tags":[],"class_list":["post-347056","post","type-post","status-publish","format-standard","has-post-thumbnail","","category-cinta-de-noticias","category-arabe-internacional-politica","category-minuto-a-minuto","category-siria-y-el-mundo","category-ultimas-noticias"],"_links":{"self":[{"href":"https:\/\/archive.sana.sy\/es\/index.php?rest_route=\/wp\/v2\/posts\/347056"}],"collection":[{"href":"https:\/\/archive.sana.sy\/es\/index.php?rest_route=\/wp\/v2\/posts"}],"about":[{"href":"https:\/\/archive.sana.sy\/es\/index.php?rest_route=\/wp\/v2\/types\/post"}],"author":[{"embeddable":true,"href":"https:\/\/archive.sana.sy\/es\/index.php?rest_route=\/wp\/v2\/users\/39"}],"replies":[{"embeddable":true,"href":"https:\/\/archive.sana.sy\/es\/index.php?rest_route=%2Fwp%2Fv2%2Fcomments&post=347056"}],"version-history":[{"count":1,"href":"https:\/\/archive.sana.sy\/es\/index.php?rest_route=\/wp\/v2\/posts\/347056\/revisions"}],"predecessor-version":[{"id":347058,"href":"https:\/\/archive.sana.sy\/es\/index.php?rest_route=\/wp\/v2\/posts\/347056\/revisions\/347058"}],"wp:featuredmedia":[{"embeddable":true,"href":"https:\/\/archive.sana.sy\/es\/index.php?rest_route=\/wp\/v2\/media\/347057"}],"wp:attachment":[{"href":"https:\/\/archive.sana.sy\/es\/index.php?rest_route=%2Fwp%2Fv2%2Fmedia&parent=347056"}],"wp:term":[{"taxonomy":"category","embeddable":true,"href":"https:\/\/archive.sana.sy\/es\/index.php?rest_route=%2Fwp%2Fv2%2Fcategories&post=347056"},{"taxonomy":"post_tag","embeddable":true,"href":"https:\/\/archive.sana.sy\/es\/index.php?rest_route=%2Fwp%2Fv2%2Ftags&post=347056"}],"curies":[{"name":"wp","href":"https:\/\/api.w.org\/{rel}","templated":true}]}}