{"id":34708,"date":"2015-12-05T17:15:48","date_gmt":"2015-12-05T15:15:48","guid":{"rendered":"http:\/\/sana.sy\/es\/?p=34708"},"modified":"2015-12-05T20:07:28","modified_gmt":"2015-12-05T18:07:28","slug":"seis-heridos-tras-ataques-terroristas-con-mortero-contra-damasco","status":"publish","type":"post","link":"https:\/\/archive.sana.sy\/es\/?p=34708","title":{"rendered":"Seis m\u00e1rtires y numerosos heridos tras morterazos terroristas contra Deir Ezzor y Damasco"},"content":{"rendered":"<p><span style=\"color: #800000\">Deir Ezzor-Damasco,\u00a0\u00a0SANA<\/span><\/p>\n<p>Seis personas perdieron la vida y otras cinco resultaron heridas tras ataques lanzados por terroristas del Estado Isl\u00e1mico contra la ciudad de Deir Ezzor.<\/p>\n<p>Una fuente en la gobernaci\u00f3n se\u00f1al\u00f3 que un ob\u00fas de mortero disparado por terroristas del EI impact\u00f3 este s\u00e1bado en un edificio de la Direcci\u00f3n de Educaci\u00f3n de Deir Ezzor en el barrio de al-Youra, donde los profesores cobran sus sueldos .<\/p>\n<p>El atentado terrorista se cobr\u00f3 la vida de seis personas, tres profesoras, un profesor, un contador y un ni\u00f1o, as\u00ed como dej\u00f3 cinco heridos, entre ellos una mujer, detall\u00f3 la fuente.<\/p>\n<p>Asimismo revel\u00f3 que los terroristas disparan tambi\u00e9n otros tres obuses contra distintas parte del barrio en cuesti\u00f3n, causando solamente da\u00f1os materiales.<\/p>\n<p>En Damasco, seis personas resultaron heridas este s\u00e1bado tras una serie de morterazos contra varias zonas de la capital.<\/p>\n<p>Una fuente policial inform\u00f3 que terroristas atrincherados en Ghouta Oriental lanzaron hoy el s\u00e1bado un ob\u00fas de mortero contra el conjunto del jeque Ahamd Kftaro para las ciencias de Shariaam, la ling\u00fc\u00edstica \u00e1rabe y estudios e investigaciones isl\u00e1micas en el barrio de Reken Addin, lo que provoc\u00f3\u00a0heridas a dos personas, adem\u00e1s de da\u00f1os materiales.<\/p>\n<p>A\u00f1adi\u00f3 que otros tres obuses impactaron en el barrio de al-Salhiya, dejando cuatro heridos, una mujer y tres ni\u00f1os, y ocasionando da\u00f1os materiales en algunas\u00a0casas en el lugar objeto.<\/p>\n<p>&nbsp;<\/p>\n<p>Lynn A.<\/p>\n","protected":false},"excerpt":{"rendered":"<p>Deir Ezzor-Damasco,\u00a0\u00a0SANA Seis personas perdieron la vida y otras cinco resultaron heridas tras ataques lanzados por terroristas del Estado Isl\u00e1mico contra la ciudad de Deir Ezzor. Una fuente en la gobernaci\u00f3n se\u00f1al\u00f3 que un ob\u00fas de mortero disparado por terroristas del EI impact\u00f3 este s\u00e1bado en un edificio de la Direcci\u00f3n de Educaci\u00f3n de Deir &hellip;<\/p>\n","protected":false},"author":24,"featured_media":29520,"comment_status":"closed","ping_status":"closed","sticky":false,"template":"","format":"standard","meta":{"footnotes":""},"categories":[477,573,476,7541],"tags":[],"class_list":["post-34708","post","type-post","status-publish","format-standard","has-post-thumbnail","","category-noticias-edulcorantes","category-la-realidad-de-los-acontecimientos-en-siria","category-locales","category-ultimas-noticias"],"_links":{"self":[{"href":"https:\/\/archive.sana.sy\/es\/index.php?rest_route=\/wp\/v2\/posts\/34708"}],"collection":[{"href":"https:\/\/archive.sana.sy\/es\/index.php?rest_route=\/wp\/v2\/posts"}],"about":[{"href":"https:\/\/archive.sana.sy\/es\/index.php?rest_route=\/wp\/v2\/types\/post"}],"author":[{"embeddable":true,"href":"https:\/\/archive.sana.sy\/es\/index.php?rest_route=\/wp\/v2\/users\/24"}],"replies":[{"embeddable":true,"href":"https:\/\/archive.sana.sy\/es\/index.php?rest_route=%2Fwp%2Fv2%2Fcomments&post=34708"}],"version-history":[{"count":0,"href":"https:\/\/archive.sana.sy\/es\/index.php?rest_route=\/wp\/v2\/posts\/34708\/revisions"}],"wp:featuredmedia":[{"embeddable":true,"href":"https:\/\/archive.sana.sy\/es\/index.php?rest_route=\/wp\/v2\/media\/29520"}],"wp:attachment":[{"href":"https:\/\/archive.sana.sy\/es\/index.php?rest_route=%2Fwp%2Fv2%2Fmedia&parent=34708"}],"wp:term":[{"taxonomy":"category","embeddable":true,"href":"https:\/\/archive.sana.sy\/es\/index.php?rest_route=%2Fwp%2Fv2%2Fcategories&post=34708"},{"taxonomy":"post_tag","embeddable":true,"href":"https:\/\/archive.sana.sy\/es\/index.php?rest_route=%2Fwp%2Fv2%2Ftags&post=34708"}],"curies":[{"name":"wp","href":"https:\/\/api.w.org\/{rel}","templated":true}]}}