{"id":347104,"date":"2025-02-15T11:23:41","date_gmt":"2025-02-15T08:23:41","guid":{"rendered":"https:\/\/sana.sy\/es\/?p=347104"},"modified":"2025-02-15T11:23:41","modified_gmt":"2025-02-15T08:23:41","slug":"presidente-de-azerbaiyan-felicita-a-al-shara-por-asumir-la-presidencia-de-siria","status":"publish","type":"post","link":"https:\/\/archive.sana.sy\/es\/?p=347104","title":{"rendered":"Presidente de Azerbaiy\u00e1n felicita a Al-Shara por asumir la presidencia de Siria"},"content":{"rendered":"<p style=\"text-align: justify;\"><span style=\"color: #800000;\"><strong>Damasco, 15 feb (SANA)\u00a0<\/strong> <\/span>El presidente de la Rep\u00fablica de Azerbaiy\u00e1n, Ilham Aliyev, envi\u00f3 un mensaje de felicitaci\u00f3n al presidente de la Rep\u00fablica \u00c1rabe Siria, Ahmad Al-Shara, por asumir la presidencia.<\/p>\n<p style=\"text-align: justify;\">Aliyev dese\u00f3 a Al-Shara \u00e9xito en el logro del bienestar del pueblo sirio y destac\u00f3 la disposici\u00f3n de su pa\u00eds a proporcionar el apoyo y la asistencia necesarios a Siria durante esta importante fase de transici\u00f3n.<\/p>\n<p style=\"text-align: justify;\">fm\/ed<\/p>\n","protected":false},"excerpt":{"rendered":"<p>Damasco, 15 feb (SANA)\u00a0 El presidente de la Rep\u00fablica de Azerbaiy\u00e1n, Ilham Aliyev, envi\u00f3 un mensaje de felicitaci\u00f3n al presidente de la Rep\u00fablica \u00c1rabe Siria, Ahmad Al-Shara, por asumir la presidencia. Aliyev dese\u00f3 a Al-Shara \u00e9xito en el logro del bienestar del pueblo sirio y destac\u00f3 la disposici\u00f3n de su pa\u00eds a proporcionar el apoyo &hellip;<\/p>\n","protected":false},"author":32,"featured_media":347105,"comment_status":"closed","ping_status":"closed","sticky":false,"template":"","format":"standard","meta":{"footnotes":""},"categories":[597,20724,476,467,583],"tags":[],"class_list":["post-347104","post","type-post","status-publish","format-standard","has-post-thumbnail","","category-cinta-de-noticias","category-minuto-a-minuto","category-locales","category-siria-y-el-mundo","category-slide"],"_links":{"self":[{"href":"https:\/\/archive.sana.sy\/es\/index.php?rest_route=\/wp\/v2\/posts\/347104"}],"collection":[{"href":"https:\/\/archive.sana.sy\/es\/index.php?rest_route=\/wp\/v2\/posts"}],"about":[{"href":"https:\/\/archive.sana.sy\/es\/index.php?rest_route=\/wp\/v2\/types\/post"}],"author":[{"embeddable":true,"href":"https:\/\/archive.sana.sy\/es\/index.php?rest_route=\/wp\/v2\/users\/32"}],"replies":[{"embeddable":true,"href":"https:\/\/archive.sana.sy\/es\/index.php?rest_route=%2Fwp%2Fv2%2Fcomments&post=347104"}],"version-history":[{"count":1,"href":"https:\/\/archive.sana.sy\/es\/index.php?rest_route=\/wp\/v2\/posts\/347104\/revisions"}],"predecessor-version":[{"id":347106,"href":"https:\/\/archive.sana.sy\/es\/index.php?rest_route=\/wp\/v2\/posts\/347104\/revisions\/347106"}],"wp:featuredmedia":[{"embeddable":true,"href":"https:\/\/archive.sana.sy\/es\/index.php?rest_route=\/wp\/v2\/media\/347105"}],"wp:attachment":[{"href":"https:\/\/archive.sana.sy\/es\/index.php?rest_route=%2Fwp%2Fv2%2Fmedia&parent=347104"}],"wp:term":[{"taxonomy":"category","embeddable":true,"href":"https:\/\/archive.sana.sy\/es\/index.php?rest_route=%2Fwp%2Fv2%2Fcategories&post=347104"},{"taxonomy":"post_tag","embeddable":true,"href":"https:\/\/archive.sana.sy\/es\/index.php?rest_route=%2Fwp%2Fv2%2Ftags&post=347104"}],"curies":[{"name":"wp","href":"https:\/\/api.w.org\/{rel}","templated":true}]}}