{"id":347127,"date":"2025-02-15T13:37:21","date_gmt":"2025-02-15T10:37:21","guid":{"rendered":"https:\/\/sana.sy\/es\/?p=347127"},"modified":"2025-02-15T13:37:21","modified_gmt":"2025-02-15T10:37:21","slug":"confiamos-en-la-nueva-autoridad-siria-reitera-erdogan","status":"publish","type":"post","link":"https:\/\/archive.sana.sy\/es\/?p=347127","title":{"rendered":"Confiamos en la nueva autoridad siria, reitera Erdogan"},"content":{"rendered":"<p style=\"text-align: justify;\"><span style=\"color: #800000;\">Ankara, 15 feb (SANA)<\/span> El presidente turco Recep Tayyip Erdogan, expres\u00f3 la plena confianza de su pa\u00eds en la nueva administraci\u00f3n siria y destac\u00f3 la necesidad de trabajar en estrecha colaboraci\u00f3n con la misma.<\/p>\n<p style=\"text-align: justify;\">Seguimos de cerca todos los acontecimientos en la regi\u00f3n y tenemos plena confianza en la administraci\u00f3n siria y trabajamos con la misma, lo que ayuda a acelerar los procesos, dijo el mandatario turco citado por el diario turco Zaman.<\/p>\n<p style=\"text-align: justify;\">Erdogan consider\u00f3 que los pasos a seguir para el futuro de Siria son de gran importancia, no s\u00f3lo la situaci\u00f3n interna en esta naci\u00f3n sino tambi\u00e9n la seguridad de Turqu\u00eda y las relaciones con todas las partes de la regi\u00f3n.<\/p>\n<p style=\"text-align: justify;\">Subray\u00f3 que las organizaciones terroristas deben entender que no tienen cabida en Siria, y que Ankara no dar\u00e1 refugio ni oportunidad para la supervivencia de tales organizaciones, que suponen una amenaza para Turqu\u00eda en el norte de Siria.<\/p>\n<p style=\"text-align: justify;\">ed\/fm<\/p>\n","protected":false},"excerpt":{"rendered":"<p>Ankara, 15 feb (SANA) El presidente turco Recep Tayyip Erdogan, expres\u00f3 la plena confianza de su pa\u00eds en la nueva administraci\u00f3n siria y destac\u00f3 la necesidad de trabajar en estrecha colaboraci\u00f3n con la misma. Seguimos de cerca todos los acontecimientos en la regi\u00f3n y tenemos plena confianza en la administraci\u00f3n siria y trabajamos con la &hellip;<\/p>\n","protected":false},"author":32,"featured_media":347128,"comment_status":"closed","ping_status":"closed","sticky":false,"template":"","format":"standard","meta":{"footnotes":""},"categories":[597,20724,467,7541],"tags":[],"class_list":["post-347127","post","type-post","status-publish","format-standard","has-post-thumbnail","","category-cinta-de-noticias","category-minuto-a-minuto","category-siria-y-el-mundo","category-ultimas-noticias"],"_links":{"self":[{"href":"https:\/\/archive.sana.sy\/es\/index.php?rest_route=\/wp\/v2\/posts\/347127"}],"collection":[{"href":"https:\/\/archive.sana.sy\/es\/index.php?rest_route=\/wp\/v2\/posts"}],"about":[{"href":"https:\/\/archive.sana.sy\/es\/index.php?rest_route=\/wp\/v2\/types\/post"}],"author":[{"embeddable":true,"href":"https:\/\/archive.sana.sy\/es\/index.php?rest_route=\/wp\/v2\/users\/32"}],"replies":[{"embeddable":true,"href":"https:\/\/archive.sana.sy\/es\/index.php?rest_route=%2Fwp%2Fv2%2Fcomments&post=347127"}],"version-history":[{"count":1,"href":"https:\/\/archive.sana.sy\/es\/index.php?rest_route=\/wp\/v2\/posts\/347127\/revisions"}],"predecessor-version":[{"id":347129,"href":"https:\/\/archive.sana.sy\/es\/index.php?rest_route=\/wp\/v2\/posts\/347127\/revisions\/347129"}],"wp:featuredmedia":[{"embeddable":true,"href":"https:\/\/archive.sana.sy\/es\/index.php?rest_route=\/wp\/v2\/media\/347128"}],"wp:attachment":[{"href":"https:\/\/archive.sana.sy\/es\/index.php?rest_route=%2Fwp%2Fv2%2Fmedia&parent=347127"}],"wp:term":[{"taxonomy":"category","embeddable":true,"href":"https:\/\/archive.sana.sy\/es\/index.php?rest_route=%2Fwp%2Fv2%2Fcategories&post=347127"},{"taxonomy":"post_tag","embeddable":true,"href":"https:\/\/archive.sana.sy\/es\/index.php?rest_route=%2Fwp%2Fv2%2Ftags&post=347127"}],"curies":[{"name":"wp","href":"https:\/\/api.w.org\/{rel}","templated":true}]}}