{"id":347130,"date":"2025-02-15T13:30:19","date_gmt":"2025-02-15T10:30:19","guid":{"rendered":"https:\/\/sana.sy\/es\/?p=347130"},"modified":"2025-02-15T13:46:33","modified_gmt":"2025-02-15T10:46:33","slug":"rehabilitan-la-zona-de-los-mercados-en-el-centro-de-la-ciudad-de-deraa","status":"publish","type":"post","link":"https:\/\/archive.sana.sy\/es\/?p=347130","title":{"rendered":"Rehabilitan la zona de los mercados en el centro de la ciudad de Deraa"},"content":{"rendered":"<p style=\"text-align: justify;\"><span style=\"color: #800000;\">Deraa, 15 feb (SANA)<\/span>\u00a0 \u00a0El Ayuntamiento de la ciudad de Deraa, la cabecera de la provincia del mismo nombre ubicada en el sur de Siria, rehabilit\u00f3 la zona de los mercados en el centro de la urbe, y que sufri\u00f3 gran destrucci\u00f3n durante la \u00faltima d\u00e9cada.<\/p>\n<p style=\"text-align: justify;\">Esto forma parte de un plan para mejorar la realidad ambiental y de servicios, y facilitar el movimiento de ciudadanos y actividades econ\u00f3micas en los mercados comerciales de la ciudad.<\/p>\n<p style=\"text-align: justify;\">Durante los \u00faltimos cuatro d\u00edas, los equipos del Departamento de Servicios T\u00e9cnicos y Defensa Civil retiraron barreras de tierra y escombros, declar\u00f3 a SANA el jefe del ayuntamiento, Mohammad Ayyash.<\/p>\n<p style=\"text-align: justify;\">En la ciudad de Deraa, 20 barrios residenciales resultaron da\u00f1ados como consecuencia de los bombardeos del r\u00e9gimen de Al-Assad y 5.000 tiendas comerciales diferentes quedaron fuera de servicio.<\/p>\n<p style=\"text-align: justify;\">ed\/fm<\/p>\n<div id='gallery-1' class='gallery galleryid-347130 gallery-columns-1 gallery-size-full'><figure class='gallery-item'>\n\t\t\t<div class='gallery-icon landscape'>\n\t\t\t\t<a href='https:\/\/archive.sana.sy\/es\/wp-content\/uploads\/2025\/02\/2-1.jpg'><img loading=\"lazy\" decoding=\"async\" width=\"1280\" height=\"723\" src=\"https:\/\/archive.sana.sy\/es\/wp-content\/uploads\/2025\/02\/2-1.jpg\" class=\"attachment-full size-full\" alt=\"\" srcset=\"https:\/\/archive.sana.sy\/es\/wp-content\/uploads\/2025\/02\/2-1.jpg 1280w, https:\/\/archive.sana.sy\/es\/wp-content\/uploads\/2025\/02\/2-1-300x169.jpg 300w, https:\/\/archive.sana.sy\/es\/wp-content\/uploads\/2025\/02\/2-1-1024x578.jpg 1024w, https:\/\/archive.sana.sy\/es\/wp-content\/uploads\/2025\/02\/2-1-150x85.jpg 150w, https:\/\/archive.sana.sy\/es\/wp-content\/uploads\/2025\/02\/2-1-768x434.jpg 768w\" sizes=\"(max-width: 1280px) 100vw, 1280px\" \/><\/a>\n\t\t\t<\/div><\/figure><figure class='gallery-item'>\n\t\t\t<div class='gallery-icon landscape'>\n\t\t\t\t<a href='https:\/\/archive.sana.sy\/es\/wp-content\/uploads\/2025\/02\/1-2.jpg'><img loading=\"lazy\" decoding=\"async\" width=\"1280\" height=\"717\" src=\"https:\/\/archive.sana.sy\/es\/wp-content\/uploads\/2025\/02\/1-2.jpg\" class=\"attachment-full size-full\" alt=\"\" srcset=\"https:\/\/archive.sana.sy\/es\/wp-content\/uploads\/2025\/02\/1-2.jpg 1280w, https:\/\/archive.sana.sy\/es\/wp-content\/uploads\/2025\/02\/1-2-300x168.jpg 300w, https:\/\/archive.sana.sy\/es\/wp-content\/uploads\/2025\/02\/1-2-1024x574.jpg 1024w, https:\/\/archive.sana.sy\/es\/wp-content\/uploads\/2025\/02\/1-2-150x84.jpg 150w, https:\/\/archive.sana.sy\/es\/wp-content\/uploads\/2025\/02\/1-2-768x430.jpg 768w\" sizes=\"(max-width: 1280px) 100vw, 1280px\" \/><\/a>\n\t\t\t<\/div><\/figure><figure class='gallery-item'>\n\t\t\t<div class='gallery-icon landscape'>\n\t\t\t\t<a href='https:\/\/archive.sana.sy\/es\/wp-content\/uploads\/2025\/02\/photo_2025-02-15_11-10-57-copy-660x330-1.jpg'><img loading=\"lazy\" decoding=\"async\" width=\"660\" height=\"330\" src=\"https:\/\/archive.sana.sy\/es\/wp-content\/uploads\/2025\/02\/photo_2025-02-15_11-10-57-copy-660x330-1.jpg\" class=\"attachment-full size-full\" alt=\"\" srcset=\"https:\/\/archive.sana.sy\/es\/wp-content\/uploads\/2025\/02\/photo_2025-02-15_11-10-57-copy-660x330-1.jpg 660w, https:\/\/archive.sana.sy\/es\/wp-content\/uploads\/2025\/02\/photo_2025-02-15_11-10-57-copy-660x330-1-300x150.jpg 300w, https:\/\/archive.sana.sy\/es\/wp-content\/uploads\/2025\/02\/photo_2025-02-15_11-10-57-copy-660x330-1-150x75.jpg 150w\" sizes=\"(max-width: 660px) 100vw, 660px\" \/><\/a>\n\t\t\t<\/div><\/figure>\n\t\t<\/div>\n\n","protected":false},"excerpt":{"rendered":"<p>Deraa, 15 feb (SANA)\u00a0 \u00a0El Ayuntamiento de la ciudad de Deraa, la cabecera de la provincia del mismo nombre ubicada en el sur de Siria, rehabilit\u00f3 la zona de los mercados en el centro de la urbe, y que sufri\u00f3 gran destrucci\u00f3n durante la \u00faltima d\u00e9cada. Esto forma parte de un plan para mejorar la &hellip;<\/p>\n","protected":false},"author":32,"featured_media":347134,"comment_status":"closed","ping_status":"closed","sticky":false,"template":"","format":"standard","meta":{"footnotes":""},"categories":[477,597,20724,476,7541],"tags":[],"class_list":["post-347130","post","type-post","status-publish","format-standard","has-post-thumbnail","","category-noticias-edulcorantes","category-cinta-de-noticias","category-minuto-a-minuto","category-locales","category-ultimas-noticias"],"_links":{"self":[{"href":"https:\/\/archive.sana.sy\/es\/index.php?rest_route=\/wp\/v2\/posts\/347130"}],"collection":[{"href":"https:\/\/archive.sana.sy\/es\/index.php?rest_route=\/wp\/v2\/posts"}],"about":[{"href":"https:\/\/archive.sana.sy\/es\/index.php?rest_route=\/wp\/v2\/types\/post"}],"author":[{"embeddable":true,"href":"https:\/\/archive.sana.sy\/es\/index.php?rest_route=\/wp\/v2\/users\/32"}],"replies":[{"embeddable":true,"href":"https:\/\/archive.sana.sy\/es\/index.php?rest_route=%2Fwp%2Fv2%2Fcomments&post=347130"}],"version-history":[{"count":1,"href":"https:\/\/archive.sana.sy\/es\/index.php?rest_route=\/wp\/v2\/posts\/347130\/revisions"}],"predecessor-version":[{"id":347135,"href":"https:\/\/archive.sana.sy\/es\/index.php?rest_route=\/wp\/v2\/posts\/347130\/revisions\/347135"}],"wp:featuredmedia":[{"embeddable":true,"href":"https:\/\/archive.sana.sy\/es\/index.php?rest_route=\/wp\/v2\/media\/347134"}],"wp:attachment":[{"href":"https:\/\/archive.sana.sy\/es\/index.php?rest_route=%2Fwp%2Fv2%2Fmedia&parent=347130"}],"wp:term":[{"taxonomy":"category","embeddable":true,"href":"https:\/\/archive.sana.sy\/es\/index.php?rest_route=%2Fwp%2Fv2%2Fcategories&post=347130"},{"taxonomy":"post_tag","embeddable":true,"href":"https:\/\/archive.sana.sy\/es\/index.php?rest_route=%2Fwp%2Fv2%2Ftags&post=347130"}],"curies":[{"name":"wp","href":"https:\/\/api.w.org\/{rel}","templated":true}]}}