{"id":347152,"date":"2025-02-15T16:37:18","date_gmt":"2025-02-15T13:37:18","guid":{"rendered":"https:\/\/sana.sy\/es\/?p=347152"},"modified":"2025-02-15T16:37:18","modified_gmt":"2025-02-15T13:37:18","slug":"iniciativas-en-damasco-piden-frenar-la-excavacion-ilegal-de-antiguedades-sirias","status":"publish","type":"post","link":"https:\/\/archive.sana.sy\/es\/?p=347152","title":{"rendered":"Iniciativas en Damasco piden frenar la excavaci\u00f3n ilegal de antig\u00fcedades sirias"},"content":{"rendered":"<p style=\"text-align: justify;\"><span style=\"color: #800000;\">\u00a0Damasco, 15 feb (SANA)<\/span> J\u00f3venes y ni\u00f1os se concentraron frente al Museo Nacional de Damasco y portaron carteles que piden la protecci\u00f3n de las antig\u00fcedades sirias de las excavaciones ilegales que tienen lugar en muchos sitios arqueol\u00f3gicos del pa\u00eds.<\/p>\n<p style=\"text-align: justify;\">Pidieron preservar la identidad cultural de Siria ante las crecientes amenazas que enfrenta su rico patrimonio debido a estas pr\u00e1cticas ilegales.<\/p>\n<p style=\"text-align: justify;\">El investigador arqueol\u00f3gico Iyad Ghanem, jefe de la Asociaci\u00f3n de Gesti\u00f3n de Museos y Sitios Arqueol\u00f3gicos, afirm\u00f3 a SANA que &#8220;estos sitios representan un patrimonio nacional que pertenece a todo el pueblo sirio&#8221;.<\/p>\n<p style=\"text-align: justify;\">Desde 2011, Siria ha sido testigo del saqueo y robo de una gran cantidad de antig\u00fcedades, adem\u00e1s de la destrucci\u00f3n de algunas de ellas debido a las acciones b\u00e9licas y los bombardeos, especialmente en la provincia de Idlib, donde hay m\u00e1s de 760 sitios arqueol\u00f3gicos de diferentes per\u00edodos hist\u00f3ricos.<\/p>\n<p style=\"text-align: justify;\">Las m\u00e1s recientes estad\u00edsticas muestran que casi un mill\u00f3n de artefactos fueron robados en Siria y alrededor de 710 sitios arqueol\u00f3gicos resultaron da\u00f1ados, algunos de forma parcial y otros de forma total.<\/p>\n<p style=\"text-align: justify;\">Las antig\u00fcedades sirias no son s\u00f3lo piezas sino m\u00e1s bien son evidencias vivientes de las civilizaciones antiguas que se remontan a miles de a\u00f1os.<\/p>\n<p style=\"text-align: justify;\">ed\/fm<\/p>\n<p style=\"text-align: justify;\">\n<div id='gallery-1' class='gallery galleryid-347152 gallery-columns-1 gallery-size-full'><figure class='gallery-item'>\n\t\t\t<div class='gallery-icon landscape'>\n\t\t\t\t<a href='https:\/\/archive.sana.sy\/es\/wp-content\/uploads\/2025\/02\/mmm-2.jpg'><img loading=\"lazy\" decoding=\"async\" width=\"660\" height=\"330\" src=\"https:\/\/archive.sana.sy\/es\/wp-content\/uploads\/2025\/02\/mmm-2.jpg\" class=\"attachment-full size-full\" alt=\"\" srcset=\"https:\/\/archive.sana.sy\/es\/wp-content\/uploads\/2025\/02\/mmm-2.jpg 660w, https:\/\/archive.sana.sy\/es\/wp-content\/uploads\/2025\/02\/mmm-2-300x150.jpg 300w, https:\/\/archive.sana.sy\/es\/wp-content\/uploads\/2025\/02\/mmm-2-150x75.jpg 150w\" sizes=\"(max-width: 660px) 100vw, 660px\" \/><\/a>\n\t\t\t<\/div><\/figure><figure class='gallery-item'>\n\t\t\t<div class='gallery-icon landscape'>\n\t\t\t\t<a href='https:\/\/archive.sana.sy\/es\/wp-content\/uploads\/2025\/02\/photo_2025-02-15_13-43-38-3.jpg'><img loading=\"lazy\" decoding=\"async\" width=\"1280\" height=\"852\" src=\"https:\/\/archive.sana.sy\/es\/wp-content\/uploads\/2025\/02\/photo_2025-02-15_13-43-38-3.jpg\" class=\"attachment-full size-full\" alt=\"\" srcset=\"https:\/\/archive.sana.sy\/es\/wp-content\/uploads\/2025\/02\/photo_2025-02-15_13-43-38-3.jpg 1280w, https:\/\/archive.sana.sy\/es\/wp-content\/uploads\/2025\/02\/photo_2025-02-15_13-43-38-3-300x200.jpg 300w, https:\/\/archive.sana.sy\/es\/wp-content\/uploads\/2025\/02\/photo_2025-02-15_13-43-38-3-1024x682.jpg 1024w, https:\/\/archive.sana.sy\/es\/wp-content\/uploads\/2025\/02\/photo_2025-02-15_13-43-38-3-150x100.jpg 150w, https:\/\/archive.sana.sy\/es\/wp-content\/uploads\/2025\/02\/photo_2025-02-15_13-43-38-3-768x511.jpg 768w, https:\/\/archive.sana.sy\/es\/wp-content\/uploads\/2025\/02\/photo_2025-02-15_13-43-38-3-310x205.jpg 310w\" sizes=\"(max-width: 1280px) 100vw, 1280px\" \/><\/a>\n\t\t\t<\/div><\/figure><figure class='gallery-item'>\n\t\t\t<div class='gallery-icon landscape'>\n\t\t\t\t<a href='https:\/\/archive.sana.sy\/es\/wp-content\/uploads\/2025\/02\/photo_2025-02-15_13-43-38-2.jpg'><img loading=\"lazy\" decoding=\"async\" width=\"1280\" height=\"809\" src=\"https:\/\/archive.sana.sy\/es\/wp-content\/uploads\/2025\/02\/photo_2025-02-15_13-43-38-2.jpg\" class=\"attachment-full size-full\" alt=\"\" srcset=\"https:\/\/archive.sana.sy\/es\/wp-content\/uploads\/2025\/02\/photo_2025-02-15_13-43-38-2.jpg 1280w, https:\/\/archive.sana.sy\/es\/wp-content\/uploads\/2025\/02\/photo_2025-02-15_13-43-38-2-300x190.jpg 300w, https:\/\/archive.sana.sy\/es\/wp-content\/uploads\/2025\/02\/photo_2025-02-15_13-43-38-2-1024x647.jpg 1024w, https:\/\/archive.sana.sy\/es\/wp-content\/uploads\/2025\/02\/photo_2025-02-15_13-43-38-2-150x95.jpg 150w, https:\/\/archive.sana.sy\/es\/wp-content\/uploads\/2025\/02\/photo_2025-02-15_13-43-38-2-768x485.jpg 768w\" sizes=\"(max-width: 1280px) 100vw, 1280px\" \/><\/a>\n\t\t\t<\/div><\/figure>\n\t\t<\/div>\n\n","protected":false},"excerpt":{"rendered":"<p>\u00a0Damasco, 15 feb (SANA) J\u00f3venes y ni\u00f1os se concentraron frente al Museo Nacional de Damasco y portaron carteles que piden la protecci\u00f3n de las antig\u00fcedades sirias de las excavaciones ilegales que tienen lugar en muchos sitios arqueol\u00f3gicos del pa\u00eds. Pidieron preservar la identidad cultural de Siria ante las crecientes amenazas que enfrenta su rico patrimonio &hellip;<\/p>\n","protected":false},"author":32,"featured_media":347156,"comment_status":"closed","ping_status":"closed","sticky":false,"template":"","format":"standard","meta":{"footnotes":""},"categories":[447,477,597,20724,7541],"tags":[],"class_list":["post-347152","post","type-post","status-publish","format-standard","has-post-thumbnail","","category-local-politica","category-noticias-edulcorantes","category-cinta-de-noticias","category-minuto-a-minuto","category-ultimas-noticias"],"_links":{"self":[{"href":"https:\/\/archive.sana.sy\/es\/index.php?rest_route=\/wp\/v2\/posts\/347152"}],"collection":[{"href":"https:\/\/archive.sana.sy\/es\/index.php?rest_route=\/wp\/v2\/posts"}],"about":[{"href":"https:\/\/archive.sana.sy\/es\/index.php?rest_route=\/wp\/v2\/types\/post"}],"author":[{"embeddable":true,"href":"https:\/\/archive.sana.sy\/es\/index.php?rest_route=\/wp\/v2\/users\/32"}],"replies":[{"embeddable":true,"href":"https:\/\/archive.sana.sy\/es\/index.php?rest_route=%2Fwp%2Fv2%2Fcomments&post=347152"}],"version-history":[{"count":1,"href":"https:\/\/archive.sana.sy\/es\/index.php?rest_route=\/wp\/v2\/posts\/347152\/revisions"}],"predecessor-version":[{"id":347157,"href":"https:\/\/archive.sana.sy\/es\/index.php?rest_route=\/wp\/v2\/posts\/347152\/revisions\/347157"}],"wp:featuredmedia":[{"embeddable":true,"href":"https:\/\/archive.sana.sy\/es\/index.php?rest_route=\/wp\/v2\/media\/347156"}],"wp:attachment":[{"href":"https:\/\/archive.sana.sy\/es\/index.php?rest_route=%2Fwp%2Fv2%2Fmedia&parent=347152"}],"wp:term":[{"taxonomy":"category","embeddable":true,"href":"https:\/\/archive.sana.sy\/es\/index.php?rest_route=%2Fwp%2Fv2%2Fcategories&post=347152"},{"taxonomy":"post_tag","embeddable":true,"href":"https:\/\/archive.sana.sy\/es\/index.php?rest_route=%2Fwp%2Fv2%2Ftags&post=347152"}],"curies":[{"name":"wp","href":"https:\/\/api.w.org\/{rel}","templated":true}]}}