{"id":347159,"date":"2025-02-15T18:06:50","date_gmt":"2025-02-15T15:06:50","guid":{"rendered":"https:\/\/sana.sy\/es\/?p=347159"},"modified":"2025-02-15T19:38:20","modified_gmt":"2025-02-15T16:38:20","slug":"cancilleres-de-siria-y-alemania-se-reunen-en-munich","status":"publish","type":"post","link":"https:\/\/archive.sana.sy\/es\/?p=347159","title":{"rendered":"Cancilleres de Siria y Alemania se re\u00fanen en M\u00fanich"},"content":{"rendered":"<p style=\"text-align: justify;\"><span style=\"color: #800000;\"><strong>M\u00fanich, 15 feb (SANA)\u00a0<\/strong><\/span> El ministro sirio de Asuntos Exteriores, Asaad Al-Shaibani, se reuni\u00f3 con la ministra de Asuntos Exteriores de Alemania, Annalena Baerbock.<\/p>\n<p style=\"text-align: justify;\">El encuentro se efect\u00faa al margen de la Conferencia de Seguridad de M\u00fanich en Alemania.<\/p>\n<p style=\"text-align: justify;\">Al-Shaibani tambi\u00e9n se reuni\u00f3 con su hom\u00f3logo turco, Hakan Fidan, y el noruego, Espen Barth Eide, as\u00ed como con una delegaci\u00f3n de la Canciller\u00eda brit\u00e1nica, encabezada por el Secretario de Estado para Relaciones Exteriores, David Lammy.<\/p>\n<p style=\"text-align: justify;\">Asimismo, el canciller sirio se reuni\u00f3 con el presidente de Kurdist\u00e1n iraqu\u00ed, Nechirvan Barzani, y con el Representante Permanente de Liechtenstein ante las Naciones Unidas, Christian Wenaweser.<\/p>\n<div id='gallery-1' class='gallery galleryid-347159 gallery-columns-1 gallery-size-full'><figure class='gallery-item'>\n\t\t\t<div class='gallery-icon landscape'>\n\t\t\t\t<a href='https:\/\/archive.sana.sy\/es\/wp-content\/uploads\/2025\/02\/Siria-Kurdistan.jpg'><img loading=\"lazy\" decoding=\"async\" width=\"660\" height=\"370\" src=\"https:\/\/archive.sana.sy\/es\/wp-content\/uploads\/2025\/02\/Siria-Kurdistan.jpg\" class=\"attachment-full size-full\" alt=\"\" srcset=\"https:\/\/archive.sana.sy\/es\/wp-content\/uploads\/2025\/02\/Siria-Kurdistan.jpg 660w, https:\/\/archive.sana.sy\/es\/wp-content\/uploads\/2025\/02\/Siria-Kurdistan-300x168.jpg 300w, https:\/\/archive.sana.sy\/es\/wp-content\/uploads\/2025\/02\/Siria-Kurdistan-150x84.jpg 150w\" sizes=\"(max-width: 660px) 100vw, 660px\" \/><\/a>\n\t\t\t<\/div><\/figure><figure class='gallery-item'>\n\t\t\t<div class='gallery-icon landscape'>\n\t\t\t\t<a href='https:\/\/archive.sana.sy\/es\/wp-content\/uploads\/2025\/02\/Siria-Liechtenstein.jpg'><img loading=\"lazy\" decoding=\"async\" width=\"660\" height=\"370\" src=\"https:\/\/archive.sana.sy\/es\/wp-content\/uploads\/2025\/02\/Siria-Liechtenstein.jpg\" class=\"attachment-full size-full\" alt=\"\" srcset=\"https:\/\/archive.sana.sy\/es\/wp-content\/uploads\/2025\/02\/Siria-Liechtenstein.jpg 660w, https:\/\/archive.sana.sy\/es\/wp-content\/uploads\/2025\/02\/Siria-Liechtenstein-300x168.jpg 300w, https:\/\/archive.sana.sy\/es\/wp-content\/uploads\/2025\/02\/Siria-Liechtenstein-150x84.jpg 150w\" sizes=\"(max-width: 660px) 100vw, 660px\" \/><\/a>\n\t\t\t<\/div><\/figure><figure class='gallery-item'>\n\t\t\t<div class='gallery-icon landscape'>\n\t\t\t\t<a href='https:\/\/archive.sana.sy\/es\/wp-content\/uploads\/2025\/02\/Siria-noruega.jpg'><img loading=\"lazy\" decoding=\"async\" width=\"1280\" height=\"720\" src=\"https:\/\/archive.sana.sy\/es\/wp-content\/uploads\/2025\/02\/Siria-noruega.jpg\" class=\"attachment-full size-full\" alt=\"\" srcset=\"https:\/\/archive.sana.sy\/es\/wp-content\/uploads\/2025\/02\/Siria-noruega.jpg 1280w, https:\/\/archive.sana.sy\/es\/wp-content\/uploads\/2025\/02\/Siria-noruega-300x169.jpg 300w, https:\/\/archive.sana.sy\/es\/wp-content\/uploads\/2025\/02\/Siria-noruega-1024x576.jpg 1024w, https:\/\/archive.sana.sy\/es\/wp-content\/uploads\/2025\/02\/Siria-noruega-150x84.jpg 150w, https:\/\/archive.sana.sy\/es\/wp-content\/uploads\/2025\/02\/Siria-noruega-768x432.jpg 768w\" sizes=\"(max-width: 1280px) 100vw, 1280px\" \/><\/a>\n\t\t\t<\/div><\/figure><figure class='gallery-item'>\n\t\t\t<div class='gallery-icon landscape'>\n\t\t\t\t<a href='https:\/\/archive.sana.sy\/es\/wp-content\/uploads\/2025\/02\/siria-britania.jpg'><img loading=\"lazy\" decoding=\"async\" width=\"660\" height=\"330\" src=\"https:\/\/archive.sana.sy\/es\/wp-content\/uploads\/2025\/02\/siria-britania.jpg\" class=\"attachment-full size-full\" alt=\"\" srcset=\"https:\/\/archive.sana.sy\/es\/wp-content\/uploads\/2025\/02\/siria-britania.jpg 660w, https:\/\/archive.sana.sy\/es\/wp-content\/uploads\/2025\/02\/siria-britania-300x150.jpg 300w, https:\/\/archive.sana.sy\/es\/wp-content\/uploads\/2025\/02\/siria-britania-150x75.jpg 150w\" sizes=\"(max-width: 660px) 100vw, 660px\" \/><\/a>\n\t\t\t<\/div><\/figure>\n\t\t<\/div>\n\n","protected":false},"excerpt":{"rendered":"<p>M\u00fanich, 15 feb (SANA)\u00a0 El ministro sirio de Asuntos Exteriores, Asaad Al-Shaibani, se reuni\u00f3 con la ministra de Asuntos Exteriores de Alemania, Annalena Baerbock. El encuentro se efect\u00faa al margen de la Conferencia de Seguridad de M\u00fanich en Alemania. Al-Shaibani tambi\u00e9n se reuni\u00f3 con su hom\u00f3logo turco, Hakan Fidan, y el noruego, Espen Barth Eide, &hellip;<\/p>\n","protected":false},"author":31,"featured_media":347160,"comment_status":"closed","ping_status":"closed","sticky":false,"template":"","format":"standard","meta":{"footnotes":""},"categories":[597,467,7541],"tags":[],"class_list":["post-347159","post","type-post","status-publish","format-standard","has-post-thumbnail","","category-cinta-de-noticias","category-siria-y-el-mundo","category-ultimas-noticias"],"_links":{"self":[{"href":"https:\/\/archive.sana.sy\/es\/index.php?rest_route=\/wp\/v2\/posts\/347159"}],"collection":[{"href":"https:\/\/archive.sana.sy\/es\/index.php?rest_route=\/wp\/v2\/posts"}],"about":[{"href":"https:\/\/archive.sana.sy\/es\/index.php?rest_route=\/wp\/v2\/types\/post"}],"author":[{"embeddable":true,"href":"https:\/\/archive.sana.sy\/es\/index.php?rest_route=\/wp\/v2\/users\/31"}],"replies":[{"embeddable":true,"href":"https:\/\/archive.sana.sy\/es\/index.php?rest_route=%2Fwp%2Fv2%2Fcomments&post=347159"}],"version-history":[{"count":3,"href":"https:\/\/archive.sana.sy\/es\/index.php?rest_route=\/wp\/v2\/posts\/347159\/revisions"}],"predecessor-version":[{"id":347185,"href":"https:\/\/archive.sana.sy\/es\/index.php?rest_route=\/wp\/v2\/posts\/347159\/revisions\/347185"}],"wp:featuredmedia":[{"embeddable":true,"href":"https:\/\/archive.sana.sy\/es\/index.php?rest_route=\/wp\/v2\/media\/347160"}],"wp:attachment":[{"href":"https:\/\/archive.sana.sy\/es\/index.php?rest_route=%2Fwp%2Fv2%2Fmedia&parent=347159"}],"wp:term":[{"taxonomy":"category","embeddable":true,"href":"https:\/\/archive.sana.sy\/es\/index.php?rest_route=%2Fwp%2Fv2%2Fcategories&post=347159"},{"taxonomy":"post_tag","embeddable":true,"href":"https:\/\/archive.sana.sy\/es\/index.php?rest_route=%2Fwp%2Fv2%2Ftags&post=347159"}],"curies":[{"name":"wp","href":"https:\/\/api.w.org\/{rel}","templated":true}]}}