{"id":34719,"date":"2015-12-05T17:08:24","date_gmt":"2015-12-05T15:08:24","guid":{"rendered":"http:\/\/sana.sy\/es\/?p=34719"},"modified":"2015-12-05T20:03:16","modified_gmt":"2015-12-05T18:03:16","slug":"lavrov-debate-con-su-homologo-egipcio-la-unificacion-de-la-oposicion-siria","status":"publish","type":"post","link":"https:\/\/archive.sana.sy\/es\/?p=34719","title":{"rendered":"Lavrov debate con su hom\u00f3logo egipcio la unificaci\u00f3n de la oposici\u00f3n siria"},"content":{"rendered":"<p><span style=\"color: #800000\">Mosc\u00fa, SANA<\/span><\/p>\n<p>El canciller ruso, Serguei Lavrov debati\u00f3 este s\u00e1bado en una conversaci\u00f3n telef\u00f3nica con su hom\u00f3logo egipcio, Sameh Shoukri los esfuerzos desempe\u00f1ados para unificar a los bandos de la oposici\u00f3n siria que adopta una posicionamiento en contra del terrorismo.<\/p>\n<p>En un comunicado publicado este s\u00e1bado, la Canciller\u00eda rusa inform\u00f3 que durante la conversaci\u00f3n telef\u00f3nica los dos cancilleres, Lavrov y Shukri, destacaron la importancia de cumplir los acuerdos alcanzados en Vienda sobre la elaboraci\u00f3n de la lista de\u00a0los grupos terroristas en Siria.<br \/>\nLynn A.<\/p>\n","protected":false},"excerpt":{"rendered":"<p>Mosc\u00fa, SANA El canciller ruso, Serguei Lavrov debati\u00f3 este s\u00e1bado en una conversaci\u00f3n telef\u00f3nica con su hom\u00f3logo egipcio, Sameh Shoukri los esfuerzos desempe\u00f1ados para unificar a los bandos de la oposici\u00f3n siria que adopta una posicionamiento en contra del terrorismo. En un comunicado publicado este s\u00e1bado, la Canciller\u00eda rusa inform\u00f3 que durante la conversaci\u00f3n telef\u00f3nica &hellip;<\/p>\n","protected":false},"author":24,"featured_media":30686,"comment_status":"closed","ping_status":"closed","sticky":false,"template":"","format":"standard","meta":{"footnotes":""},"categories":[456,457,576,583],"tags":[],"class_list":["post-34719","post","type-post","status-publish","format-standard","has-post-thumbnail","","category-arabe-internacional-politica","category-noticias-arabe-internacional-politica","category-noticias-politicas","category-slide"],"_links":{"self":[{"href":"https:\/\/archive.sana.sy\/es\/index.php?rest_route=\/wp\/v2\/posts\/34719"}],"collection":[{"href":"https:\/\/archive.sana.sy\/es\/index.php?rest_route=\/wp\/v2\/posts"}],"about":[{"href":"https:\/\/archive.sana.sy\/es\/index.php?rest_route=\/wp\/v2\/types\/post"}],"author":[{"embeddable":true,"href":"https:\/\/archive.sana.sy\/es\/index.php?rest_route=\/wp\/v2\/users\/24"}],"replies":[{"embeddable":true,"href":"https:\/\/archive.sana.sy\/es\/index.php?rest_route=%2Fwp%2Fv2%2Fcomments&post=34719"}],"version-history":[{"count":0,"href":"https:\/\/archive.sana.sy\/es\/index.php?rest_route=\/wp\/v2\/posts\/34719\/revisions"}],"wp:featuredmedia":[{"embeddable":true,"href":"https:\/\/archive.sana.sy\/es\/index.php?rest_route=\/wp\/v2\/media\/30686"}],"wp:attachment":[{"href":"https:\/\/archive.sana.sy\/es\/index.php?rest_route=%2Fwp%2Fv2%2Fmedia&parent=34719"}],"wp:term":[{"taxonomy":"category","embeddable":true,"href":"https:\/\/archive.sana.sy\/es\/index.php?rest_route=%2Fwp%2Fv2%2Fcategories&post=34719"},{"taxonomy":"post_tag","embeddable":true,"href":"https:\/\/archive.sana.sy\/es\/index.php?rest_route=%2Fwp%2Fv2%2Ftags&post=34719"}],"curies":[{"name":"wp","href":"https:\/\/api.w.org\/{rel}","templated":true}]}}