{"id":347191,"date":"2025-02-16T10:40:03","date_gmt":"2025-02-16T07:40:03","guid":{"rendered":"https:\/\/sana.sy\/es\/?p=347191"},"modified":"2025-02-16T10:40:03","modified_gmt":"2025-02-16T07:40:03","slug":"presidente-al-shara-participa-en-sesion-de-dialogo-abierto-en-alepo","status":"publish","type":"post","link":"https:\/\/archive.sana.sy\/es\/?p=347191","title":{"rendered":"Presidente Al-Shara participa en sesi\u00f3n de di\u00e1logo abierto en Alepo"},"content":{"rendered":"<p style=\"text-align: justify;\"><span style=\"color: #800000;\"><strong>Alepo, 16 feb (SANA)<\/strong><\/span> El presidente de la Rep\u00fablica \u00c1rabe Siria, Ahmad Al-Shara, particip\u00f3 en una sesi\u00f3n de di\u00e1logo abierto en Alepo.<\/p>\n<p style=\"text-align: justify;\">Participaron en el di\u00e1logo varios dignatarios y personalidades de la provincia, hombres y mujeres, en presencia del gobernador de Alepo, Azzam Al-Gharib, y de varios funcionarios.<\/p>\n<p style=\"text-align: justify;\">Los debates giraron en torno a la actual situaci\u00f3n en el pa\u00eds y las formas de avanzar en distintos niveles.<\/p>\n<p>&nbsp;<\/p>\n<div id='gallery-1' class='gallery galleryid-347191 gallery-columns-1 gallery-size-full'><figure class='gallery-item'>\n\t\t\t<div class='gallery-icon landscape'>\n\t\t\t\t<a href='https:\/\/archive.sana.sy\/es\/wp-content\/uploads\/2025\/02\/3-21.jpg'><img loading=\"lazy\" decoding=\"async\" width=\"660\" height=\"440\" src=\"https:\/\/archive.sana.sy\/es\/wp-content\/uploads\/2025\/02\/3-21.jpg\" class=\"attachment-full size-full\" alt=\"\" srcset=\"https:\/\/archive.sana.sy\/es\/wp-content\/uploads\/2025\/02\/3-21.jpg 660w, https:\/\/archive.sana.sy\/es\/wp-content\/uploads\/2025\/02\/3-21-300x200.jpg 300w, https:\/\/archive.sana.sy\/es\/wp-content\/uploads\/2025\/02\/3-21-150x100.jpg 150w\" sizes=\"(max-width: 660px) 100vw, 660px\" \/><\/a>\n\t\t\t<\/div><\/figure><figure class='gallery-item'>\n\t\t\t<div class='gallery-icon landscape'>\n\t\t\t\t<a href='https:\/\/archive.sana.sy\/es\/wp-content\/uploads\/2025\/02\/photo_2025-02-15_22-18-11-2.jpg'><img loading=\"lazy\" decoding=\"async\" width=\"1280\" height=\"718\" src=\"https:\/\/archive.sana.sy\/es\/wp-content\/uploads\/2025\/02\/photo_2025-02-15_22-18-11-2.jpg\" class=\"attachment-full size-full\" alt=\"\" srcset=\"https:\/\/archive.sana.sy\/es\/wp-content\/uploads\/2025\/02\/photo_2025-02-15_22-18-11-2.jpg 1280w, https:\/\/archive.sana.sy\/es\/wp-content\/uploads\/2025\/02\/photo_2025-02-15_22-18-11-2-300x168.jpg 300w, https:\/\/archive.sana.sy\/es\/wp-content\/uploads\/2025\/02\/photo_2025-02-15_22-18-11-2-1024x574.jpg 1024w, https:\/\/archive.sana.sy\/es\/wp-content\/uploads\/2025\/02\/photo_2025-02-15_22-18-11-2-150x84.jpg 150w, https:\/\/archive.sana.sy\/es\/wp-content\/uploads\/2025\/02\/photo_2025-02-15_22-18-11-2-768x431.jpg 768w\" sizes=\"(max-width: 1280px) 100vw, 1280px\" \/><\/a>\n\t\t\t<\/div><\/figure>\n\t\t<\/div>\n\n<p style=\"text-align: justify;\">\n","protected":false},"excerpt":{"rendered":"<p>Alepo, 16 feb (SANA) El presidente de la Rep\u00fablica \u00c1rabe Siria, Ahmad Al-Shara, particip\u00f3 en una sesi\u00f3n de di\u00e1logo abierto en Alepo. Participaron en el di\u00e1logo varios dignatarios y personalidades de la provincia, hombres y mujeres, en presencia del gobernador de Alepo, Azzam Al-Gharib, y de varios funcionarios. Los debates giraron en torno a la &hellip;<\/p>\n","protected":false},"author":42,"featured_media":347195,"comment_status":"closed","ping_status":"closed","sticky":false,"template":"","format":"standard","meta":{"footnotes":""},"categories":[597,20724,467,583],"tags":[],"class_list":["post-347191","post","type-post","status-publish","format-standard","has-post-thumbnail","","category-cinta-de-noticias","category-minuto-a-minuto","category-siria-y-el-mundo","category-slide"],"_links":{"self":[{"href":"https:\/\/archive.sana.sy\/es\/index.php?rest_route=\/wp\/v2\/posts\/347191"}],"collection":[{"href":"https:\/\/archive.sana.sy\/es\/index.php?rest_route=\/wp\/v2\/posts"}],"about":[{"href":"https:\/\/archive.sana.sy\/es\/index.php?rest_route=\/wp\/v2\/types\/post"}],"author":[{"embeddable":true,"href":"https:\/\/archive.sana.sy\/es\/index.php?rest_route=\/wp\/v2\/users\/42"}],"replies":[{"embeddable":true,"href":"https:\/\/archive.sana.sy\/es\/index.php?rest_route=%2Fwp%2Fv2%2Fcomments&post=347191"}],"version-history":[{"count":1,"href":"https:\/\/archive.sana.sy\/es\/index.php?rest_route=\/wp\/v2\/posts\/347191\/revisions"}],"predecessor-version":[{"id":347196,"href":"https:\/\/archive.sana.sy\/es\/index.php?rest_route=\/wp\/v2\/posts\/347191\/revisions\/347196"}],"wp:featuredmedia":[{"embeddable":true,"href":"https:\/\/archive.sana.sy\/es\/index.php?rest_route=\/wp\/v2\/media\/347195"}],"wp:attachment":[{"href":"https:\/\/archive.sana.sy\/es\/index.php?rest_route=%2Fwp%2Fv2%2Fmedia&parent=347191"}],"wp:term":[{"taxonomy":"category","embeddable":true,"href":"https:\/\/archive.sana.sy\/es\/index.php?rest_route=%2Fwp%2Fv2%2Fcategories&post=347191"},{"taxonomy":"post_tag","embeddable":true,"href":"https:\/\/archive.sana.sy\/es\/index.php?rest_route=%2Fwp%2Fv2%2Ftags&post=347191"}],"curies":[{"name":"wp","href":"https:\/\/api.w.org\/{rel}","templated":true}]}}