{"id":347206,"date":"2025-02-16T11:56:13","date_gmt":"2025-02-16T08:56:13","guid":{"rendered":"https:\/\/sana.sy\/es\/?p=347206"},"modified":"2025-02-16T11:56:13","modified_gmt":"2025-02-16T08:56:13","slug":"canciller-de-eslovenia-subraya-urgente-importancia-de-levantar-sanciones-impuestas-a-siria","status":"publish","type":"post","link":"https:\/\/archive.sana.sy\/es\/?p=347206","title":{"rendered":"Canciller de Eslovenia subraya urgente importancia de levantar sanciones impuestas a Siria"},"content":{"rendered":"<p style=\"text-align: justify;\"><span style=\"color: #800000;\"><strong>Berl\u00edn, 16 feb (SANA)\u00a0 <\/strong><\/span>La ministra de Asuntos Exteriores de Eslovenia, Tanja Fajon, afirm\u00f3 la necesidad de levantar las sanciones impuestas a Siria.<\/p>\n<p style=\"text-align: justify;\">\u201cDurante mi visita a Siria, hablamos con el presidente Ahmad al-Sharaa y esperamos que haya una transici\u00f3n pol\u00edtica, y que el pr\u00f3ximo gobierno represente bien a todas las minor\u00edas y que las mujeres est\u00e9n bien representadas\u201d, dijo Fajon al canal Al-Jazeera.<\/p>\n<p style=\"text-align: justify;\">Exigi\u00f3 el levantamiento de las sanciones tras la ca\u00edda del r\u00e9gimen y pidi\u00f3 a la comunidad internacional que ayude a Siria.<\/p>\n<p style=\"text-align: justify;\">\n","protected":false},"excerpt":{"rendered":"<p>Berl\u00edn, 16 feb (SANA)\u00a0 La ministra de Asuntos Exteriores de Eslovenia, Tanja Fajon, afirm\u00f3 la necesidad de levantar las sanciones impuestas a Siria. \u201cDurante mi visita a Siria, hablamos con el presidente Ahmad al-Sharaa y esperamos que haya una transici\u00f3n pol\u00edtica, y que el pr\u00f3ximo gobierno represente bien a todas las minor\u00edas y que las &hellip;<\/p>\n","protected":false},"author":42,"featured_media":347207,"comment_status":"closed","ping_status":"closed","sticky":false,"template":"","format":"standard","meta":{"footnotes":""},"categories":[597,20724,467,7541],"tags":[],"class_list":["post-347206","post","type-post","status-publish","format-standard","has-post-thumbnail","","category-cinta-de-noticias","category-minuto-a-minuto","category-siria-y-el-mundo","category-ultimas-noticias"],"_links":{"self":[{"href":"https:\/\/archive.sana.sy\/es\/index.php?rest_route=\/wp\/v2\/posts\/347206"}],"collection":[{"href":"https:\/\/archive.sana.sy\/es\/index.php?rest_route=\/wp\/v2\/posts"}],"about":[{"href":"https:\/\/archive.sana.sy\/es\/index.php?rest_route=\/wp\/v2\/types\/post"}],"author":[{"embeddable":true,"href":"https:\/\/archive.sana.sy\/es\/index.php?rest_route=\/wp\/v2\/users\/42"}],"replies":[{"embeddable":true,"href":"https:\/\/archive.sana.sy\/es\/index.php?rest_route=%2Fwp%2Fv2%2Fcomments&post=347206"}],"version-history":[{"count":1,"href":"https:\/\/archive.sana.sy\/es\/index.php?rest_route=\/wp\/v2\/posts\/347206\/revisions"}],"predecessor-version":[{"id":347208,"href":"https:\/\/archive.sana.sy\/es\/index.php?rest_route=\/wp\/v2\/posts\/347206\/revisions\/347208"}],"wp:featuredmedia":[{"embeddable":true,"href":"https:\/\/archive.sana.sy\/es\/index.php?rest_route=\/wp\/v2\/media\/347207"}],"wp:attachment":[{"href":"https:\/\/archive.sana.sy\/es\/index.php?rest_route=%2Fwp%2Fv2%2Fmedia&parent=347206"}],"wp:term":[{"taxonomy":"category","embeddable":true,"href":"https:\/\/archive.sana.sy\/es\/index.php?rest_route=%2Fwp%2Fv2%2Fcategories&post=347206"},{"taxonomy":"post_tag","embeddable":true,"href":"https:\/\/archive.sana.sy\/es\/index.php?rest_route=%2Fwp%2Fv2%2Ftags&post=347206"}],"curies":[{"name":"wp","href":"https:\/\/api.w.org\/{rel}","templated":true}]}}