{"id":347210,"date":"2025-02-16T13:51:52","date_gmt":"2025-02-16T10:51:52","guid":{"rendered":"https:\/\/sana.sy\/es\/?p=347210"},"modified":"2025-02-16T13:51:52","modified_gmt":"2025-02-16T10:51:52","slug":"canciller-turco-reafirma-necesidad-de-preservar-unidad-y-soberania-de-siria","status":"publish","type":"post","link":"https:\/\/archive.sana.sy\/es\/?p=347210","title":{"rendered":"Canciller turco reafirma necesidad de preservar unidad y soberan\u00eda de Siria"},"content":{"rendered":"<p style=\"text-align: justify;\"><span style=\"color: #800000;\"><strong>M\u00fanich, 16 feb (SANA)\u00a0<\/strong> <\/span>El ministro de Asuntos Exteriores de Turqu\u00eda, Hakan Fidan, subray\u00f3 hoy la necesidad de preservar la integridad territorial y la soberan\u00eda pol\u00edtica de Siria, y de formar un gobierno inclusivo.<\/p>\n<p style=\"text-align: justify;\">\u201cLa nueva administraci\u00f3n en Siria est\u00e1 respondiendo bien a las demandas de las comunidades internacional y regional, y todos son conscientes de la magnitud de los desaf\u00edos que Siria debe superar\u201d, dijo Fidan, en un simposio bajo el t\u00edtulo \u201cUn nuevo amanecer para Damasco y perspectivas para la transici\u00f3n en Siria\u201d.<\/p>\n<p style=\"text-align: justify;\">Se\u00f1al\u00f3 que existe un consenso sobre Siria en los pa\u00edses de la regi\u00f3n y los principios m\u00e1s importantes del acuerdo son garantizar la integridad territorial y la soberan\u00eda pol\u00edtica de Siria, formar un gobierno inclusivo y no permitir que el terrorismo encuentre una base.<\/p>\n<p style=\"text-align: justify;\">El jefe de la diplomacia turca agreg\u00f3 que el establecimiento de un ej\u00e9rcito nacional para garantizar el orden y la seguridad es una de las cuestiones m\u00e1s importantes relacionadas con el logro de la estabilidad en Siria.<\/p>\n<p style=\"text-align: justify;\">Fidan aclar\u00f3 que su pa\u00eds da prioridad a ayudar a Siria en el proceso de reconstrucci\u00f3n, recuperaci\u00f3n de la econom\u00eda y reconstrucci\u00f3n de las instituciones estatales.<\/p>\n<p style=\"text-align: justify;\">fm<\/p>\n","protected":false},"excerpt":{"rendered":"<p>M\u00fanich, 16 feb (SANA)\u00a0 El ministro de Asuntos Exteriores de Turqu\u00eda, Hakan Fidan, subray\u00f3 hoy la necesidad de preservar la integridad territorial y la soberan\u00eda pol\u00edtica de Siria, y de formar un gobierno inclusivo. \u201cLa nueva administraci\u00f3n en Siria est\u00e1 respondiendo bien a las demandas de las comunidades internacional y regional, y todos son conscientes &hellip;<\/p>\n","protected":false},"author":34,"featured_media":347211,"comment_status":"closed","ping_status":"closed","sticky":false,"template":"","format":"standard","meta":{"footnotes":""},"categories":[477,597,467,7541],"tags":[],"class_list":["post-347210","post","type-post","status-publish","format-standard","has-post-thumbnail","","category-noticias-edulcorantes","category-cinta-de-noticias","category-siria-y-el-mundo","category-ultimas-noticias"],"_links":{"self":[{"href":"https:\/\/archive.sana.sy\/es\/index.php?rest_route=\/wp\/v2\/posts\/347210"}],"collection":[{"href":"https:\/\/archive.sana.sy\/es\/index.php?rest_route=\/wp\/v2\/posts"}],"about":[{"href":"https:\/\/archive.sana.sy\/es\/index.php?rest_route=\/wp\/v2\/types\/post"}],"author":[{"embeddable":true,"href":"https:\/\/archive.sana.sy\/es\/index.php?rest_route=\/wp\/v2\/users\/34"}],"replies":[{"embeddable":true,"href":"https:\/\/archive.sana.sy\/es\/index.php?rest_route=%2Fwp%2Fv2%2Fcomments&post=347210"}],"version-history":[{"count":1,"href":"https:\/\/archive.sana.sy\/es\/index.php?rest_route=\/wp\/v2\/posts\/347210\/revisions"}],"predecessor-version":[{"id":347212,"href":"https:\/\/archive.sana.sy\/es\/index.php?rest_route=\/wp\/v2\/posts\/347210\/revisions\/347212"}],"wp:featuredmedia":[{"embeddable":true,"href":"https:\/\/archive.sana.sy\/es\/index.php?rest_route=\/wp\/v2\/media\/347211"}],"wp:attachment":[{"href":"https:\/\/archive.sana.sy\/es\/index.php?rest_route=%2Fwp%2Fv2%2Fmedia&parent=347210"}],"wp:term":[{"taxonomy":"category","embeddable":true,"href":"https:\/\/archive.sana.sy\/es\/index.php?rest_route=%2Fwp%2Fv2%2Fcategories&post=347210"},{"taxonomy":"post_tag","embeddable":true,"href":"https:\/\/archive.sana.sy\/es\/index.php?rest_route=%2Fwp%2Fv2%2Ftags&post=347210"}],"curies":[{"name":"wp","href":"https:\/\/api.w.org\/{rel}","templated":true}]}}