{"id":347213,"date":"2025-02-16T14:40:00","date_gmt":"2025-02-16T11:40:00","guid":{"rendered":"https:\/\/sana.sy\/es\/?p=347213"},"modified":"2025-02-16T14:40:28","modified_gmt":"2025-02-16T11:40:28","slug":"el-g7-reitera-su-compromiso-de-respetar-la-integridad-territorial-de-siria","status":"publish","type":"post","link":"https:\/\/archive.sana.sy\/es\/?p=347213","title":{"rendered":"El G7 reitera su compromiso de respetar la integridad territorial de Siria"},"content":{"rendered":"<blockquote>\n<p style=\"text-align: justify;\"><strong><span style=\"color: #800000;\">Acogemos con benepl\u00e1cito los resultados de la Conferencia Internacional sobre Siria, celebrada en Par\u00eds, y reiteramos nuestro compromiso de apoyar al pueblo sirio y respaldar el proceso de transici\u00f3n pol\u00edtica integral, afirmaron los l\u00edderes del G7 en un comunicado.<\/span><\/strong><\/p>\n<\/blockquote>\n<p style=\"text-align: justify;\"><span style=\"color: #800000;\"><strong>M\u00fanich, 16 feb (SANA)\u00a0 \u00a0<\/strong><\/span>Los ministros de Exteriores del G7, que representan a Canad\u00e1, Francia, Alemania, Italia, Jap\u00f3n, Reino Unido y Estados Unidos, reafirmaron su compromiso con la integridad territorial de Siria, durante una reuni\u00f3n al margen de la Conferencia de Seguridad de M\u00fanich en Alemania.<\/p>\n<p style=\"text-align: justify;\">Acogemos con benepl\u00e1cito los resultados de la Conferencia Internacional sobre Siria, celebrada en Par\u00eds, y reiteramos nuestro compromiso de apoyar al pueblo sirio y respaldar el proceso de transici\u00f3n pol\u00edtica integral, afirmaron los cancilleres del G7 en un comunicado.<\/p>\n<p style=\"text-align: justify;\">Los siete cancilleres examinaron la situaci\u00f3n pol\u00edtica, humanitaria y de seguridad en Oriente Medio, y afirmaron su compromiso de lograr la paz y la estabilidad regionales.<\/p>\n<p style=\"text-align: justify;\"><span style=\"color: #800000;\"><strong>ws\/fm<\/strong><\/span><\/p>\n","protected":false},"excerpt":{"rendered":"<p>Acogemos con benepl\u00e1cito los resultados de la Conferencia Internacional sobre Siria, celebrada en Par\u00eds, y reiteramos nuestro compromiso de apoyar al pueblo sirio y respaldar el proceso de transici\u00f3n pol\u00edtica integral, afirmaron los l\u00edderes del G7 en un comunicado. M\u00fanich, 16 feb (SANA)\u00a0 \u00a0Los ministros de Exteriores del G7, que representan a Canad\u00e1, Francia, Alemania, &hellip;<\/p>\n","protected":false},"author":35,"featured_media":347214,"comment_status":"closed","ping_status":"closed","sticky":false,"template":"","format":"standard","meta":{"footnotes":""},"categories":[597,456,16687,20724,467,7541],"tags":[],"class_list":["post-347213","post","type-post","status-publish","format-standard","has-post-thumbnail","","category-cinta-de-noticias","category-arabe-internacional-politica","category-internacionales","category-minuto-a-minuto","category-siria-y-el-mundo","category-ultimas-noticias"],"_links":{"self":[{"href":"https:\/\/archive.sana.sy\/es\/index.php?rest_route=\/wp\/v2\/posts\/347213"}],"collection":[{"href":"https:\/\/archive.sana.sy\/es\/index.php?rest_route=\/wp\/v2\/posts"}],"about":[{"href":"https:\/\/archive.sana.sy\/es\/index.php?rest_route=\/wp\/v2\/types\/post"}],"author":[{"embeddable":true,"href":"https:\/\/archive.sana.sy\/es\/index.php?rest_route=\/wp\/v2\/users\/35"}],"replies":[{"embeddable":true,"href":"https:\/\/archive.sana.sy\/es\/index.php?rest_route=%2Fwp%2Fv2%2Fcomments&post=347213"}],"version-history":[{"count":2,"href":"https:\/\/archive.sana.sy\/es\/index.php?rest_route=\/wp\/v2\/posts\/347213\/revisions"}],"predecessor-version":[{"id":347216,"href":"https:\/\/archive.sana.sy\/es\/index.php?rest_route=\/wp\/v2\/posts\/347213\/revisions\/347216"}],"wp:featuredmedia":[{"embeddable":true,"href":"https:\/\/archive.sana.sy\/es\/index.php?rest_route=\/wp\/v2\/media\/347214"}],"wp:attachment":[{"href":"https:\/\/archive.sana.sy\/es\/index.php?rest_route=%2Fwp%2Fv2%2Fmedia&parent=347213"}],"wp:term":[{"taxonomy":"category","embeddable":true,"href":"https:\/\/archive.sana.sy\/es\/index.php?rest_route=%2Fwp%2Fv2%2Fcategories&post=347213"},{"taxonomy":"post_tag","embeddable":true,"href":"https:\/\/archive.sana.sy\/es\/index.php?rest_route=%2Fwp%2Fv2%2Ftags&post=347213"}],"curies":[{"name":"wp","href":"https:\/\/api.w.org\/{rel}","templated":true}]}}